{"id":11761,"date":"2025-04-14T13:18:42","date_gmt":"2025-04-14T11:18:42","guid":{"rendered":"https:\/\/www.elciruelo.com\/?p=11761"},"modified":"2026-02-25T11:34:28","modified_gmt":"2026-02-25T10:34:28","slug":"salada-de-frutas-com-uvas-e-mousse-de-maracuja","status":"publish","type":"post","link":"https:\/\/www.elciruelo.com\/pt-br\/salada-de-frutas-com-uvas-e-mousse-de-maracuja\/","title":{"rendered":"Salada de Frutas com Uvas e Mousse de Maracuj\u00e1"},"content":{"rendered":"<h3 class=\"\" data-start=\"229\" data-end=\"287\">Uma sobremesa colorida, refrescante e cheia de charme!<\/h3>\n<p class=\"\" data-start=\"289\" data-end=\"606\">Nada como encerrar uma refei\u00e7\u00e3o especial com uma sobremesa leve, vibrante e naturalmente doce. Essa salada de frutas com mousse de maracuj\u00e1 \u00e9 perfeita para isso: traz o frescor das frutas, o toque c\u00edtrico do lim\u00e3o siciliano e a cremosidade envolvente do mousse. Um verdadeiro festival de cores e sabores no seu prato!<\/p>\n<hr class=\"\" data-start=\"608\" data-end=\"611\" \/>\n<h3 class=\"\" data-start=\"613\" data-end=\"633\">\ud83c\udf53 Ingredientes:<\/h3>\n<ul data-start=\"635\" data-end=\"985\">\n<li class=\"\" data-start=\"635\" data-end=\"695\">\n<p class=\"\" data-start=\"637\" data-end=\"695\">1 x\u00edcara de uvas verdes (cortadas ao meio, sem sementes)<\/p>\n<\/li>\n<li class=\"\" data-start=\"696\" data-end=\"735\">\n<p class=\"\" data-start=\"698\" data-end=\"735\">1 x\u00edcara de uvas roxas sem sementes<\/p>\n<\/li>\n<li class=\"\" data-start=\"736\" data-end=\"763\">\n<p class=\"\" data-start=\"738\" data-end=\"763\">1 x\u00edcara de kiwi picado<\/p>\n<\/li>\n<li class=\"\" data-start=\"764\" data-end=\"801\">\n<p class=\"\" data-start=\"766\" data-end=\"801\">1 x\u00edcara de manga madura em cubos<\/p>\n<\/li>\n<li class=\"\" data-start=\"802\" data-end=\"834\">\n<p class=\"\" data-start=\"804\" data-end=\"834\">1 x\u00edcara de morangos picados<\/p>\n<\/li>\n<li class=\"\" data-start=\"835\" data-end=\"865\">\n<p class=\"\" data-start=\"837\" data-end=\"865\">1 x\u00edcara de banana fatiada<\/p>\n<\/li>\n<li class=\"\" data-start=\"866\" data-end=\"893\">\n<p class=\"\" data-start=\"868\" data-end=\"893\">1 x\u00edcara de ma\u00e7\u00e3 picada<\/p>\n<\/li>\n<li class=\"\" data-start=\"894\" data-end=\"931\">\n<p class=\"\" data-start=\"896\" data-end=\"931\">Raspas de lim\u00e3o siciliano a gosto<\/p>\n<\/li>\n<li class=\"\" data-start=\"932\" data-end=\"985\">\n<p class=\"\" data-start=\"934\" data-end=\"985\">2 x\u00edcaras de mousse de maracuj\u00e1 (caseiro ou pronto)<\/p>\n<\/li>\n<\/ul>\n<hr class=\"\" data-start=\"987\" data-end=\"990\" \/>\n<h3 class=\"\" data-start=\"992\" data-end=\"1018\">\ud83d\udc69\u200d\ud83c\udf73 Modo de Preparo:<\/h3>\n<ol data-start=\"1020\" data-end=\"1523\">\n<li class=\"\" data-start=\"1020\" data-end=\"1157\">\n<p class=\"\" data-start=\"1023\" data-end=\"1157\">Em uma tigela grande, adicione todas as frutas picadas. Misture com cuidado para preservar os peda\u00e7os inteiros e as cores vibrantes.<\/p>\n<\/li>\n<li class=\"\" data-start=\"1158\" data-end=\"1301\">\n<p class=\"\" data-start=\"1161\" data-end=\"1301\">Acrescente as raspas de lim\u00e3o siciliano e o mousse de maracuj\u00e1. Misture delicadamente at\u00e9 que as frutas estejam bem envolvidas pelo creme.<\/p>\n<\/li>\n<li class=\"\" data-start=\"1302\" data-end=\"1374\">\n<p class=\"\" data-start=\"1305\" data-end=\"1374\">Sirva em ta\u00e7as ou bowls individuais, para valorizar a apresenta\u00e7\u00e3o.<\/p>\n<\/li>\n<li class=\"\" data-start=\"1375\" data-end=\"1523\">\n<p class=\"\" data-start=\"1378\" data-end=\"1523\">Finalize com um toque decorativo: folhinhas de hortel\u00e3, sementes de maracuj\u00e1 ou at\u00e9 um fio de mel, se quiser real\u00e7ar a do\u00e7ura natural das frutas.<\/p>\n<\/li>\n<\/ol>\n<hr class=\"\" data-start=\"1525\" data-end=\"1528\" \/>\n<h3 class=\"\" data-start=\"1530\" data-end=\"1548\">\ud83c\udf74 Dica extra:<\/h3>\n<p class=\"\" data-start=\"1549\" data-end=\"1758\">Essa sobremesa fica ainda melhor geladinha! Prepare com anteced\u00eancia e deixe na geladeira por pelo menos 30 minutos antes de servir. \u00c9 uma \u00f3tima op\u00e7\u00e3o para dias quentes ou para uma P\u00e1scoa mais leve e tropical.<\/p>\n\n\n<p><\/p>\n","protected":false},"excerpt":{"rendered":"<p>Uma sobremesa colorida, refrescante e cheia de charme! Nada como encerrar uma refei\u00e7\u00e3o especial com uma sobremesa leve, vibrante e naturalmente doce. Essa salada de frutas com mousse de maracuj\u00e1 \u00e9 perfeita para isso: traz o frescor das frutas, o toque c\u00edtrico do lim\u00e3o siciliano e a cremosidade envolvente do mousse. Um verdadeiro festival de [&hellip;]<\/p>\n","protected":false},"author":28,"featured_media":24675,"comment_status":"closed","ping_status":"closed","sticky":false,"template":"","format":"standard","meta":{"_acf_changed":false,"footnotes":""},"categories":[38,37],"tags":[],"class_list":["post-11761","post","type-post","status-publish","format-standard","has-post-thumbnail","hentry","category-receitas-com-uva","category-receitas"],"acf":[],"yoast_head":"<!-- This site is optimized with the Yoast SEO plugin v27.4 - https:\/\/yoast.com\/product\/yoast-seo-wordpress\/ -->\n<title>Salada de Frutas com Uvas e Mousse de Maracuj\u00e1 - El Ciruelo<\/title>\n<meta name=\"robots\" content=\"index, follow, max-snippet:-1, max-image-preview:large, max-video-preview:-1\" \/>\n<link rel=\"canonical\" href=\"https:\/\/www.elciruelo.com\/pt-br\/salada-de-frutas-com-uvas-e-mousse-de-maracuja\/\" \/>\n<meta property=\"og:locale\" content=\"pt_BR\" \/>\n<meta property=\"og:type\" content=\"article\" \/>\n<meta property=\"og:title\" content=\"Salada de Frutas com Uvas e Mousse de Maracuj\u00e1 - El Ciruelo\" \/>\n<meta property=\"og:description\" content=\"Uma sobremesa colorida, refrescante e cheia de charme! Nada como encerrar uma refei\u00e7\u00e3o especial com uma sobremesa leve, vibrante e naturalmente doce. Essa salada de frutas com mousse de maracuj\u00e1 \u00e9 perfeita para isso: traz o frescor das frutas, o toque c\u00edtrico do lim\u00e3o siciliano e a cremosidade envolvente do mousse. Um verdadeiro festival de [&hellip;]\" \/>\n<meta property=\"og:url\" content=\"https:\/\/www.elciruelo.com\/pt-br\/salada-de-frutas-com-uvas-e-mousse-de-maracuja\/\" \/>\n<meta property=\"og:site_name\" content=\"El Ciruelo\" \/>\n<meta property=\"article:publisher\" content=\"https:\/\/es-es.facebook.com\/ElCirueloSL\/\" \/>\n<meta property=\"article:published_time\" content=\"2025-04-14T11:18:42+00:00\" \/>\n<meta property=\"article:modified_time\" content=\"2026-02-25T10:34:28+00:00\" \/>\n<meta property=\"og:image\" content=\"https:\/\/www.elciruelo.com\/wp-content\/uploads\/2025\/04\/Captura-de-pantalla-2026-02-25-113449.png\" \/>\n\t<meta property=\"og:image:width\" content=\"511\" \/>\n\t<meta property=\"og:image:height\" content=\"511\" \/>\n\t<meta property=\"og:image:type\" content=\"image\/png\" \/>\n<meta name=\"author\" content=\"comunicacion_elciruelo\" \/>\n<meta name=\"twitter:card\" content=\"summary_large_image\" \/>\n<meta name=\"twitter:label1\" content=\"Escrito por\" \/>\n\t<meta name=\"twitter:data1\" content=\"comunicacion_elciruelo\" \/>\n\t<meta name=\"twitter:label2\" content=\"Est. tempo de leitura\" \/>\n\t<meta name=\"twitter:data2\" content=\"2 minutos\" \/>\n<script type=\"application\/ld+json\" class=\"yoast-schema-graph\">{\"@context\":\"https:\\\/\\\/schema.org\",\"@graph\":[{\"@type\":\"Article\",\"@id\":\"https:\\\/\\\/www.elciruelo.com\\\/pt-br\\\/salada-de-frutas-com-uvas-e-mousse-de-maracuja\\\/#article\",\"isPartOf\":{\"@id\":\"https:\\\/\\\/www.elciruelo.com\\\/pt-br\\\/salada-de-frutas-com-uvas-e-mousse-de-maracuja\\\/\"},\"author\":{\"name\":\"comunicacion_elciruelo\",\"@id\":\"https:\\\/\\\/www.elciruelo.com\\\/pt-br\\\/#\\\/schema\\\/person\\\/1fd1c03b7551a2d76c8e9ada5da3df46\"},\"headline\":\"Salada de Frutas com Uvas e Mousse de Maracuj\u00e1\",\"datePublished\":\"2025-04-14T11:18:42+00:00\",\"dateModified\":\"2026-02-25T10:34:28+00:00\",\"mainEntityOfPage\":{\"@id\":\"https:\\\/\\\/www.elciruelo.com\\\/pt-br\\\/salada-de-frutas-com-uvas-e-mousse-de-maracuja\\\/\"},\"wordCount\":259,\"publisher\":{\"@id\":\"https:\\\/\\\/www.elciruelo.com\\\/pt-br\\\/#organization\"},\"image\":{\"@id\":\"https:\\\/\\\/www.elciruelo.com\\\/pt-br\\\/salada-de-frutas-com-uvas-e-mousse-de-maracuja\\\/#primaryimage\"},\"thumbnailUrl\":\"https:\\\/\\\/www.elciruelo.com\\\/wp-content\\\/uploads\\\/2025\\\/04\\\/Captura-de-pantalla-2026-02-25-113449.png\",\"articleSection\":[\"Receitas com uva\",\"Receitas de fruta\"],\"inLanguage\":\"pt-BR\"},{\"@type\":\"WebPage\",\"@id\":\"https:\\\/\\\/www.elciruelo.com\\\/pt-br\\\/salada-de-frutas-com-uvas-e-mousse-de-maracuja\\\/\",\"url\":\"https:\\\/\\\/www.elciruelo.com\\\/pt-br\\\/salada-de-frutas-com-uvas-e-mousse-de-maracuja\\\/\",\"name\":\"Salada de Frutas com Uvas e Mousse de Maracuj\u00e1 - El Ciruelo\",\"isPartOf\":{\"@id\":\"https:\\\/\\\/www.elciruelo.com\\\/pt-br\\\/#website\"},\"primaryImageOfPage\":{\"@id\":\"https:\\\/\\\/www.elciruelo.com\\\/pt-br\\\/salada-de-frutas-com-uvas-e-mousse-de-maracuja\\\/#primaryimage\"},\"image\":{\"@id\":\"https:\\\/\\\/www.elciruelo.com\\\/pt-br\\\/salada-de-frutas-com-uvas-e-mousse-de-maracuja\\\/#primaryimage\"},\"thumbnailUrl\":\"https:\\\/\\\/www.elciruelo.com\\\/wp-content\\\/uploads\\\/2025\\\/04\\\/Captura-de-pantalla-2026-02-25-113449.png\",\"datePublished\":\"2025-04-14T11:18:42+00:00\",\"dateModified\":\"2026-02-25T10:34:28+00:00\",\"breadcrumb\":{\"@id\":\"https:\\\/\\\/www.elciruelo.com\\\/pt-br\\\/salada-de-frutas-com-uvas-e-mousse-de-maracuja\\\/#breadcrumb\"},\"inLanguage\":\"pt-BR\",\"potentialAction\":[{\"@type\":\"ReadAction\",\"target\":[\"https:\\\/\\\/www.elciruelo.com\\\/pt-br\\\/salada-de-frutas-com-uvas-e-mousse-de-maracuja\\\/\"]}]},{\"@type\":\"ImageObject\",\"inLanguage\":\"pt-BR\",\"@id\":\"https:\\\/\\\/www.elciruelo.com\\\/pt-br\\\/salada-de-frutas-com-uvas-e-mousse-de-maracuja\\\/#primaryimage\",\"url\":\"https:\\\/\\\/www.elciruelo.com\\\/wp-content\\\/uploads\\\/2025\\\/04\\\/Captura-de-pantalla-2026-02-25-113449.png\",\"contentUrl\":\"https:\\\/\\\/www.elciruelo.com\\\/wp-content\\\/uploads\\\/2025\\\/04\\\/Captura-de-pantalla-2026-02-25-113449.png\",\"width\":511,\"height\":511},{\"@type\":\"BreadcrumbList\",\"@id\":\"https:\\\/\\\/www.elciruelo.com\\\/pt-br\\\/salada-de-frutas-com-uvas-e-mousse-de-maracuja\\\/#breadcrumb\",\"itemListElement\":[{\"@type\":\"ListItem\",\"position\":1,\"name\":\"Home\",\"item\":\"https:\\\/\\\/www.elciruelo.com\\\/pt-br\\\/\"},{\"@type\":\"ListItem\",\"position\":2,\"name\":\"Salada de Frutas com Uvas e Mousse de Maracuj\u00e1\"}]},{\"@type\":\"WebSite\",\"@id\":\"https:\\\/\\\/www.elciruelo.com\\\/pt-br\\\/#website\",\"url\":\"https:\\\/\\\/www.elciruelo.com\\\/pt-br\\\/\",\"name\":\"El Ciruelo\",\"description\":\"Productores de Uva de Mesa y Fruta de Hueso  \",\"publisher\":{\"@id\":\"https:\\\/\\\/www.elciruelo.com\\\/pt-br\\\/#organization\"},\"alternateName\":\"Ciruelo\",\"potentialAction\":[{\"@type\":\"SearchAction\",\"target\":{\"@type\":\"EntryPoint\",\"urlTemplate\":\"https:\\\/\\\/www.elciruelo.com\\\/pt-br\\\/?s={search_term_string}\"},\"query-input\":{\"@type\":\"PropertyValueSpecification\",\"valueRequired\":true,\"valueName\":\"search_term_string\"}}],\"inLanguage\":\"pt-BR\"},{\"@type\":\"Organization\",\"@id\":\"https:\\\/\\\/www.elciruelo.com\\\/pt-br\\\/#organization\",\"name\":\"El Ciruelo\",\"alternateName\":\"Grupo El Ciruelo\",\"url\":\"https:\\\/\\\/www.elciruelo.com\\\/pt-br\\\/\",\"logo\":{\"@type\":\"ImageObject\",\"inLanguage\":\"pt-BR\",\"@id\":\"https:\\\/\\\/www.elciruelo.com\\\/pt-br\\\/#\\\/schema\\\/logo\\\/image\\\/\",\"url\":\"https:\\\/\\\/www.elciruelo.com\\\/wp-content\\\/uploads\\\/2021\\\/09\\\/el-ciruelo-logo.png\",\"contentUrl\":\"https:\\\/\\\/www.elciruelo.com\\\/wp-content\\\/uploads\\\/2021\\\/09\\\/el-ciruelo-logo.png\",\"width\":636,\"height\":174,\"caption\":\"El Ciruelo\"},\"image\":{\"@id\":\"https:\\\/\\\/www.elciruelo.com\\\/pt-br\\\/#\\\/schema\\\/logo\\\/image\\\/\"},\"sameAs\":[\"https:\\\/\\\/es-es.facebook.com\\\/ElCirueloSL\\\/\",\"https:\\\/\\\/www.instagram.com\\\/elciruelofruits\\\/\",\"https:\\\/\\\/www.tiktok.com\\\/@elciruelofruits\",\"https:\\\/\\\/es.linkedin.com\\\/company\\\/grupoelciruelo\"]},{\"@type\":\"Person\",\"@id\":\"https:\\\/\\\/www.elciruelo.com\\\/pt-br\\\/#\\\/schema\\\/person\\\/1fd1c03b7551a2d76c8e9ada5da3df46\",\"name\":\"comunicacion_elciruelo\",\"image\":{\"@type\":\"ImageObject\",\"inLanguage\":\"pt-BR\",\"@id\":\"https:\\\/\\\/secure.gravatar.com\\\/avatar\\\/38455aa28773382b217f7f58f0c7aad10f497083c594869fd416cff8e64367ab?s=96&d=mm&r=g\",\"url\":\"https:\\\/\\\/secure.gravatar.com\\\/avatar\\\/38455aa28773382b217f7f58f0c7aad10f497083c594869fd416cff8e64367ab?s=96&d=mm&r=g\",\"contentUrl\":\"https:\\\/\\\/secure.gravatar.com\\\/avatar\\\/38455aa28773382b217f7f58f0c7aad10f497083c594869fd416cff8e64367ab?s=96&d=mm&r=g\",\"caption\":\"comunicacion_elciruelo\"}}]}<\/script>\n<!-- \/ Yoast SEO plugin. -->","yoast_head_json":{"title":"Salada de Frutas com Uvas e Mousse de Maracuj\u00e1 - El Ciruelo","robots":{"index":"index","follow":"follow","max-snippet":"max-snippet:-1","max-image-preview":"max-image-preview:large","max-video-preview":"max-video-preview:-1"},"canonical":"https:\/\/www.elciruelo.com\/pt-br\/salada-de-frutas-com-uvas-e-mousse-de-maracuja\/","og_locale":"pt_BR","og_type":"article","og_title":"Salada de Frutas com Uvas e Mousse de Maracuj\u00e1 - El Ciruelo","og_description":"Uma sobremesa colorida, refrescante e cheia de charme! Nada como encerrar uma refei\u00e7\u00e3o especial com uma sobremesa leve, vibrante e naturalmente doce. Essa salada de frutas com mousse de maracuj\u00e1 \u00e9 perfeita para isso: traz o frescor das frutas, o toque c\u00edtrico do lim\u00e3o siciliano e a cremosidade envolvente do mousse. Um verdadeiro festival de [&hellip;]","og_url":"https:\/\/www.elciruelo.com\/pt-br\/salada-de-frutas-com-uvas-e-mousse-de-maracuja\/","og_site_name":"El Ciruelo","article_publisher":"https:\/\/es-es.facebook.com\/ElCirueloSL\/","article_published_time":"2025-04-14T11:18:42+00:00","article_modified_time":"2026-02-25T10:34:28+00:00","og_image":[{"width":511,"height":511,"url":"https:\/\/www.elciruelo.com\/wp-content\/uploads\/2025\/04\/Captura-de-pantalla-2026-02-25-113449.png","type":"image\/png"}],"author":"comunicacion_elciruelo","twitter_card":"summary_large_image","twitter_misc":{"Escrito por":"comunicacion_elciruelo","Est. tempo de leitura":"2 minutos"},"schema":{"@context":"https:\/\/schema.org","@graph":[{"@type":"Article","@id":"https:\/\/www.elciruelo.com\/pt-br\/salada-de-frutas-com-uvas-e-mousse-de-maracuja\/#article","isPartOf":{"@id":"https:\/\/www.elciruelo.com\/pt-br\/salada-de-frutas-com-uvas-e-mousse-de-maracuja\/"},"author":{"name":"comunicacion_elciruelo","@id":"https:\/\/www.elciruelo.com\/pt-br\/#\/schema\/person\/1fd1c03b7551a2d76c8e9ada5da3df46"},"headline":"Salada de Frutas com Uvas e Mousse de Maracuj\u00e1","datePublished":"2025-04-14T11:18:42+00:00","dateModified":"2026-02-25T10:34:28+00:00","mainEntityOfPage":{"@id":"https:\/\/www.elciruelo.com\/pt-br\/salada-de-frutas-com-uvas-e-mousse-de-maracuja\/"},"wordCount":259,"publisher":{"@id":"https:\/\/www.elciruelo.com\/pt-br\/#organization"},"image":{"@id":"https:\/\/www.elciruelo.com\/pt-br\/salada-de-frutas-com-uvas-e-mousse-de-maracuja\/#primaryimage"},"thumbnailUrl":"https:\/\/www.elciruelo.com\/wp-content\/uploads\/2025\/04\/Captura-de-pantalla-2026-02-25-113449.png","articleSection":["Receitas com uva","Receitas de fruta"],"inLanguage":"pt-BR"},{"@type":"WebPage","@id":"https:\/\/www.elciruelo.com\/pt-br\/salada-de-frutas-com-uvas-e-mousse-de-maracuja\/","url":"https:\/\/www.elciruelo.com\/pt-br\/salada-de-frutas-com-uvas-e-mousse-de-maracuja\/","name":"Salada de Frutas com Uvas e Mousse de Maracuj\u00e1 - El Ciruelo","isPartOf":{"@id":"https:\/\/www.elciruelo.com\/pt-br\/#website"},"primaryImageOfPage":{"@id":"https:\/\/www.elciruelo.com\/pt-br\/salada-de-frutas-com-uvas-e-mousse-de-maracuja\/#primaryimage"},"image":{"@id":"https:\/\/www.elciruelo.com\/pt-br\/salada-de-frutas-com-uvas-e-mousse-de-maracuja\/#primaryimage"},"thumbnailUrl":"https:\/\/www.elciruelo.com\/wp-content\/uploads\/2025\/04\/Captura-de-pantalla-2026-02-25-113449.png","datePublished":"2025-04-14T11:18:42+00:00","dateModified":"2026-02-25T10:34:28+00:00","breadcrumb":{"@id":"https:\/\/www.elciruelo.com\/pt-br\/salada-de-frutas-com-uvas-e-mousse-de-maracuja\/#breadcrumb"},"inLanguage":"pt-BR","potentialAction":[{"@type":"ReadAction","target":["https:\/\/www.elciruelo.com\/pt-br\/salada-de-frutas-com-uvas-e-mousse-de-maracuja\/"]}]},{"@type":"ImageObject","inLanguage":"pt-BR","@id":"https:\/\/www.elciruelo.com\/pt-br\/salada-de-frutas-com-uvas-e-mousse-de-maracuja\/#primaryimage","url":"https:\/\/www.elciruelo.com\/wp-content\/uploads\/2025\/04\/Captura-de-pantalla-2026-02-25-113449.png","contentUrl":"https:\/\/www.elciruelo.com\/wp-content\/uploads\/2025\/04\/Captura-de-pantalla-2026-02-25-113449.png","width":511,"height":511},{"@type":"BreadcrumbList","@id":"https:\/\/www.elciruelo.com\/pt-br\/salada-de-frutas-com-uvas-e-mousse-de-maracuja\/#breadcrumb","itemListElement":[{"@type":"ListItem","position":1,"name":"Home","item":"https:\/\/www.elciruelo.com\/pt-br\/"},{"@type":"ListItem","position":2,"name":"Salada de Frutas com Uvas e Mousse de Maracuj\u00e1"}]},{"@type":"WebSite","@id":"https:\/\/www.elciruelo.com\/pt-br\/#website","url":"https:\/\/www.elciruelo.com\/pt-br\/","name":"El Ciruelo","description":"Productores de Uva de Mesa y Fruta de Hueso  ","publisher":{"@id":"https:\/\/www.elciruelo.com\/pt-br\/#organization"},"alternateName":"Ciruelo","potentialAction":[{"@type":"SearchAction","target":{"@type":"EntryPoint","urlTemplate":"https:\/\/www.elciruelo.com\/pt-br\/?s={search_term_string}"},"query-input":{"@type":"PropertyValueSpecification","valueRequired":true,"valueName":"search_term_string"}}],"inLanguage":"pt-BR"},{"@type":"Organization","@id":"https:\/\/www.elciruelo.com\/pt-br\/#organization","name":"El Ciruelo","alternateName":"Grupo El Ciruelo","url":"https:\/\/www.elciruelo.com\/pt-br\/","logo":{"@type":"ImageObject","inLanguage":"pt-BR","@id":"https:\/\/www.elciruelo.com\/pt-br\/#\/schema\/logo\/image\/","url":"https:\/\/www.elciruelo.com\/wp-content\/uploads\/2021\/09\/el-ciruelo-logo.png","contentUrl":"https:\/\/www.elciruelo.com\/wp-content\/uploads\/2021\/09\/el-ciruelo-logo.png","width":636,"height":174,"caption":"El Ciruelo"},"image":{"@id":"https:\/\/www.elciruelo.com\/pt-br\/#\/schema\/logo\/image\/"},"sameAs":["https:\/\/es-es.facebook.com\/ElCirueloSL\/","https:\/\/www.instagram.com\/elciruelofruits\/","https:\/\/www.tiktok.com\/@elciruelofruits","https:\/\/es.linkedin.com\/company\/grupoelciruelo"]},{"@type":"Person","@id":"https:\/\/www.elciruelo.com\/pt-br\/#\/schema\/person\/1fd1c03b7551a2d76c8e9ada5da3df46","name":"comunicacion_elciruelo","image":{"@type":"ImageObject","inLanguage":"pt-BR","@id":"https:\/\/secure.gravatar.com\/avatar\/38455aa28773382b217f7f58f0c7aad10f497083c594869fd416cff8e64367ab?s=96&d=mm&r=g","url":"https:\/\/secure.gravatar.com\/avatar\/38455aa28773382b217f7f58f0c7aad10f497083c594869fd416cff8e64367ab?s=96&d=mm&r=g","contentUrl":"https:\/\/secure.gravatar.com\/avatar\/38455aa28773382b217f7f58f0c7aad10f497083c594869fd416cff8e64367ab?s=96&d=mm&r=g","caption":"comunicacion_elciruelo"}}]}},"_links":{"self":[{"href":"https:\/\/www.elciruelo.com\/pt-br\/wp-json\/wp\/v2\/posts\/11761","targetHints":{"allow":["GET"]}}],"collection":[{"href":"https:\/\/www.elciruelo.com\/pt-br\/wp-json\/wp\/v2\/posts"}],"about":[{"href":"https:\/\/www.elciruelo.com\/pt-br\/wp-json\/wp\/v2\/types\/post"}],"author":[{"embeddable":true,"href":"https:\/\/www.elciruelo.com\/pt-br\/wp-json\/wp\/v2\/users\/28"}],"replies":[{"embeddable":true,"href":"https:\/\/www.elciruelo.com\/pt-br\/wp-json\/wp\/v2\/comments?post=11761"}],"version-history":[{"count":5,"href":"https:\/\/www.elciruelo.com\/pt-br\/wp-json\/wp\/v2\/posts\/11761\/revisions"}],"predecessor-version":[{"id":22608,"href":"https:\/\/www.elciruelo.com\/pt-br\/wp-json\/wp\/v2\/posts\/11761\/revisions\/22608"}],"wp:featuredmedia":[{"embeddable":true,"href":"https:\/\/www.elciruelo.com\/pt-br\/wp-json\/wp\/v2\/media\/24675"}],"wp:attachment":[{"href":"https:\/\/www.elciruelo.com\/pt-br\/wp-json\/wp\/v2\/media?parent=11761"}],"wp:term":[{"taxonomy":"category","embeddable":true,"href":"https:\/\/www.elciruelo.com\/pt-br\/wp-json\/wp\/v2\/categories?post=11761"},{"taxonomy":"post_tag","embeddable":true,"href":"https:\/\/www.elciruelo.com\/pt-br\/wp-json\/wp\/v2\/tags?post=11761"}],"curies":[{"name":"wp","href":"https:\/\/api.w.org\/{rel}","templated":true}]}}