{"id":16909,"date":"2025-12-12T13:00:08","date_gmt":"2025-12-12T12:00:08","guid":{"rendered":"https:\/\/www.elciruelo.com\/?p=16909"},"modified":"2026-02-25T11:03:57","modified_gmt":"2026-02-25T10:03:57","slug":"pate-natalino-uvas-verdes","status":"publish","type":"post","link":"https:\/\/www.elciruelo.com\/pt-br\/pate-natalino-uvas-verdes\/","title":{"rendered":"Pat\u00ea natalino com uvas verdes"},"content":{"rendered":"<h2><strong>Uma entradinha cremosa e festiva para encantar no Natal \ud83c\udf84\ud83c\udf47<\/strong><\/h2>\n<p>Se voc\u00ea procura uma entrada r\u00e1pida, saborosa e com aquele toque especial das festas de fim de ano, este pat\u00ea natalino com uvas verdes \u00e9 a escolha perfeita. Cremoso, crocante e cheio de contrastes deliciosos, ele combina a leve do\u00e7ura das uvas Doce Uva com a textura do bacon e das nozes, uma mistura que surpreende qualquer convidado. Al\u00e9m disso, \u00e9 super f\u00e1cil de preparar e fica lindo na mesa!<\/p>\n<h3 data-start=\"796\" data-end=\"818\">\ud83d\udcdd <strong data-start=\"802\" data-end=\"818\">Ingredientes<\/strong><\/h3>\n<ul>\n<li data-start=\"822\" data-end=\"845\">300 g de cream cheese<\/li>\n<li data-start=\"900\" data-end=\"958\">50 g de uvas verdes Doce Uva sem semente, bem picadinhas<\/li>\n<li data-start=\"848\" data-end=\"871\">Sal e pimenta a gosto<\/li>\n<li data-start=\"874\" data-end=\"897\">50 g de nozes picadas<\/li>\n<li data-start=\"961\" data-end=\"993\">50 g de bacon frito e crocante<\/li>\n<li data-start=\"996\" data-end=\"1026\">Salsinha picada para decorar<\/li>\n<li data-start=\"1029\" data-end=\"1077\">1 queijo em formato de estrela (para o topo) \u2728<\/li>\n<li data-start=\"1080\" data-end=\"1111\">Pimenta biquinho para decorar<\/li>\n<li data-start=\"1114\" data-end=\"1130\">Pl\u00e1stico filme<\/li>\n<li data-start=\"1133\" data-end=\"1158\">Torradinhas para servir<\/li>\n<\/ul>\n<h3 data-start=\"1165\" data-end=\"1193\">\ud83d\udc69\u200d\ud83c\udf73 <strong data-start=\"1174\" data-end=\"1193\">Modo de preparo<\/strong><\/h3>\n<ol>\n<li data-start=\"1198\" data-end=\"1375\"><strong data-start=\"1198\" data-end=\"1225\">Prepare a base do pat\u00ea:<\/strong><br data-start=\"1225\" data-end=\"1228\" \/>Em uma tigela, misture o cream cheese com sal e pimenta. Acrescente as nozes, o bacon frito e as uvas verdes Doce Uva, misturando delicadamente.<\/li>\n<li data-start=\"1380\" data-end=\"1496\"><strong data-start=\"1380\" data-end=\"1391\">Modele:<\/strong><br data-start=\"1391\" data-end=\"1394\" \/>Coloque a mistura sobre um peda\u00e7o de pl\u00e1stico filme, forme uma bola e envolva bem para dar firmeza.<\/li>\n<li data-start=\"1501\" data-end=\"1602\"><strong data-start=\"1501\" data-end=\"1513\">Resfrie:<\/strong><br data-start=\"1513\" data-end=\"1516\" \/>Leve ao freezer por cerca de <strong data-start=\"1548\" data-end=\"1562\">10 minutos<\/strong>, apenas para firmar antes de finalizar.<\/li>\n<li data-start=\"1607\" data-end=\"1745\"><strong data-start=\"1607\" data-end=\"1618\">Decore:<\/strong><br data-start=\"1618\" data-end=\"1621\" \/>Retire o pl\u00e1stico filme, transfira para um prato e finalize com salsinha, pimenta biquinho e a estrela de queijo no topo.<\/li>\n<li data-start=\"1750\" data-end=\"1810\"><strong data-start=\"1750\" data-end=\"1760\">Sirva:<\/strong><br data-start=\"1760\" data-end=\"1763\" \/>Acompanhe com torradinhas ou p\u00e3es especiais.<\/li>\n<\/ol>\n<blockquote class=\"instagram-media\" style=\"background: #FFF; border: 0; border-radius: 3px; box-shadow: 0 0 1px 0 rgba(0,0,0,0.5),0 1px 10px 0 rgba(0,0,0,0.15); margin: 1px; max-width: 540px; min-width: 326px; padding: 0; width: calc(100% - 2px);\" data-instgrm-permalink=\"https:\/\/www.instagram.com\/reel\/DSKuzlUD2oB\/?utm_source=ig_embed&amp;utm_campaign=loading\" data-instgrm-version=\"14\">\n<div style=\"padding: 16px;\">\n<div style=\"display: flex; flex-direction: row; align-items: center;\">\n<div style=\"background-color: #f4f4f4; border-radius: 50%; flex-grow: 0; height: 40px; margin-right: 14px; width: 40px;\"><\/div>\n<div style=\"display: flex; flex-direction: column; flex-grow: 1; justify-content: center;\">\n<div style=\"background-color: #f4f4f4; border-radius: 4px; flex-grow: 0; height: 14px; margin-bottom: 6px; width: 100px;\"><\/div>\n<div style=\"background-color: #f4f4f4; border-radius: 4px; flex-grow: 0; height: 14px; width: 60px;\"><\/div>\n<\/div>\n<\/div>\n<div style=\"padding: 19% 0;\"><\/div>\n<div style=\"display: block; height: 50px; margin: 0 auto 12px; width: 50px;\"><\/div>\n<div style=\"padding-top: 8px;\">\n<div style=\"color: #3897f0; font-family: Arial,sans-serif; font-size: 14px; font-style: normal; font-weight: 550; line-height: 18px;\">Ver esta publicaci\u00f3n en Instagram<\/div>\n<\/div>\n<div style=\"padding: 12.5% 0;\"><\/div>\n<div style=\"display: flex; flex-direction: row; margin-bottom: 14px; align-items: center;\">\n<div>\n<div style=\"background-color: #f4f4f4; border-radius: 50%; height: 12.5px; width: 12.5px; transform: translateX(0px) translateY(7px);\"><\/div>\n<div style=\"background-color: #f4f4f4; height: 12.5px; transform: rotate(-45deg) translateX(3px) translateY(1px); width: 12.5px; flex-grow: 0; margin-right: 14px; margin-left: 2px;\"><\/div>\n<div style=\"background-color: #f4f4f4; border-radius: 50%; height: 12.5px; width: 12.5px; transform: translateX(9px) translateY(-18px);\"><\/div>\n<\/div>\n<div style=\"margin-left: 8px;\">\n<div style=\"background-color: #f4f4f4; border-radius: 50%; flex-grow: 0; height: 20px; width: 20px;\"><\/div>\n<div style=\"width: 0; height: 0; border-top: 2px solid transparent; border-left: 6px solid #f4f4f4; border-bottom: 2px solid transparent; transform: translateX(16px) translateY(-4px) rotate(30deg);\"><\/div>\n<\/div>\n<div style=\"margin-left: auto;\">\n<div style=\"width: 0px; border-top: 8px solid #F4F4F4; border-right: 8px solid transparent; transform: translateY(16px);\"><\/div>\n<div style=\"background-color: #f4f4f4; flex-grow: 0; height: 12px; width: 16px; transform: translateY(-4px);\"><\/div>\n<div style=\"width: 0; height: 0; border-top: 8px solid #F4F4F4; border-left: 8px solid transparent; transform: translateY(-4px) translateX(8px);\"><\/div>\n<\/div>\n<\/div>\n<div style=\"display: flex; flex-direction: column; flex-grow: 1; justify-content: center; margin-bottom: 24px;\">\n<div style=\"background-color: #f4f4f4; border-radius: 4px; flex-grow: 0; height: 14px; margin-bottom: 6px; width: 224px;\"><\/div>\n<div style=\"background-color: #f4f4f4; border-radius: 4px; flex-grow: 0; height: 14px; width: 144px;\"><\/div>\n<\/div>\n<p style=\"color: #c9c8cd; font-family: Arial,sans-serif; font-size: 14px; line-height: 17px; margin-bottom: 0; margin-top: 8px; overflow: hidden; padding: 8px 0 7px; text-align: center; text-overflow: ellipsis; white-space: nowrap;\"><a style=\"color: #c9c8cd; font-family: Arial,sans-serif; font-size: 14px; font-style: normal; font-weight: normal; line-height: 17px; text-decoration: none;\" href=\"https:\/\/www.instagram.com\/reel\/DSKuzlUD2oB\/?utm_source=ig_embed&amp;utm_campaign=loading\" target=\"_blank\" rel=\"noopener\">Una publicaci\u00f3n compartida por Doce Uva Brasil (@doceuvabr)<\/a><\/p>\n<\/div>\n<\/blockquote>\n<p><script async src=\"\/\/www.instagram.com\/embed.js\"><\/script><\/p>\n<h3 data-start=\"1817\" data-end=\"1849\">\u2139\ufe0f <strong data-start=\"1823\" data-end=\"1849\">Informa\u00e7\u00f5es adicionais<\/strong><\/h3>\n<ul>\n<li data-start=\"1853\" data-end=\"1869\">Sem gl\u00faten<\/li>\n<li data-start=\"1872\" data-end=\"1889\">Com lactose<\/li>\n<li data-start=\"1892\" data-end=\"1917\">Cont\u00e9m frutos secos<\/li>\n<li data-start=\"1920\" data-end=\"1946\">Cont\u00e9m carne (bacon)<\/li>\n<\/ul>\n<p>Una receta f\u00e1cil, vistosa y cheia de sabor, ideal para compartilhar nos momentos especiais do Natal. Se voc\u00ea gostou desta ideia, aproveite para explorar outras receitas criativas com uvas e se inspirar para montar uma mesa ainda mais especial.<br data-start=\"386\" data-end=\"389\" \/>Para ver mais receitas e dicas, acompanhe nossas redes sociais em <a href=\"https:\/\/www.instagram.com\/doceuvabr\/\"><strong data-start=\"458\" data-end=\"470\">@doceuvabr<\/strong> <\/a>\ud83c\udf47\ud83c\udf84<\/p>\n","protected":false},"excerpt":{"rendered":"<p>Uma entradinha cremosa e festiva para encantar no Natal \ud83c\udf84\ud83c\udf47 Se voc\u00ea procura uma entrada r\u00e1pida, saborosa e com aquele toque especial das festas de fim de ano, este pat\u00ea natalino com uvas verdes \u00e9 a escolha perfeita. Cremoso, crocante e cheio de contrastes deliciosos, ele combina a leve do\u00e7ura das uvas Doce Uva com [&hellip;]<\/p>\n","protected":false},"author":28,"featured_media":24566,"comment_status":"closed","ping_status":"closed","sticky":false,"template":"","format":"standard","meta":{"_acf_changed":false,"footnotes":""},"categories":[38,37],"tags":[],"class_list":["post-16909","post","type-post","status-publish","format-standard","has-post-thumbnail","hentry","category-receitas-com-uva","category-receitas"],"acf":[],"yoast_head":"<!-- This site is optimized with the Yoast SEO plugin v27.4 - https:\/\/yoast.com\/product\/yoast-seo-wordpress\/ -->\n<title>Pat\u00ea natalino com uvas verdes<\/title>\n<meta name=\"description\" content=\"Pat\u00ea natalino com uvas verdes: receita r\u00e1pida, cremosa e deliciosa para as festas. Feito com cream cheese, bacon, nozes e uvas Doce Uva.\" \/>\n<meta name=\"robots\" content=\"index, follow, max-snippet:-1, max-image-preview:large, max-video-preview:-1\" \/>\n<link rel=\"canonical\" href=\"https:\/\/www.elciruelo.com\/pt-br\/pate-natalino-uvas-verdes\/\" \/>\n<meta property=\"og:locale\" content=\"pt_BR\" \/>\n<meta property=\"og:type\" content=\"article\" \/>\n<meta property=\"og:title\" content=\"Pat\u00ea natalino com uvas verdes\" \/>\n<meta property=\"og:description\" content=\"Pat\u00ea natalino com uvas verdes: receita r\u00e1pida, cremosa e deliciosa para as festas. Feito com cream cheese, bacon, nozes e uvas Doce Uva.\" \/>\n<meta property=\"og:url\" content=\"https:\/\/www.elciruelo.com\/pt-br\/pate-natalino-uvas-verdes\/\" \/>\n<meta property=\"og:site_name\" content=\"El Ciruelo\" \/>\n<meta property=\"article:publisher\" content=\"https:\/\/es-es.facebook.com\/ElCirueloSL\/\" \/>\n<meta property=\"article:published_time\" content=\"2025-12-12T12:00:08+00:00\" \/>\n<meta property=\"article:modified_time\" content=\"2026-02-25T10:03:57+00:00\" \/>\n<meta property=\"og:image\" content=\"https:\/\/www.elciruelo.com\/wp-content\/uploads\/2025\/12\/Captura-de-pantalla-2026-02-25-110427.png\" \/>\n\t<meta property=\"og:image:width\" content=\"515\" \/>\n\t<meta property=\"og:image:height\" content=\"541\" \/>\n\t<meta property=\"og:image:type\" content=\"image\/png\" \/>\n<meta name=\"author\" content=\"comunicacion_elciruelo\" \/>\n<meta name=\"twitter:card\" content=\"summary_large_image\" \/>\n<meta name=\"twitter:label1\" content=\"Escrito por\" \/>\n\t<meta name=\"twitter:data1\" content=\"comunicacion_elciruelo\" \/>\n\t<meta name=\"twitter:label2\" content=\"Est. tempo de leitura\" \/>\n\t<meta name=\"twitter:data2\" content=\"2 minutos\" \/>\n<script type=\"application\/ld+json\" class=\"yoast-schema-graph\">{\"@context\":\"https:\\\/\\\/schema.org\",\"@graph\":[{\"@type\":\"Article\",\"@id\":\"https:\\\/\\\/www.elciruelo.com\\\/pt-br\\\/pate-natalino-uvas-verdes\\\/#article\",\"isPartOf\":{\"@id\":\"https:\\\/\\\/www.elciruelo.com\\\/pt-br\\\/pate-natalino-uvas-verdes\\\/\"},\"author\":{\"name\":\"comunicacion_elciruelo\",\"@id\":\"https:\\\/\\\/www.elciruelo.com\\\/pt-br\\\/#\\\/schema\\\/person\\\/1fd1c03b7551a2d76c8e9ada5da3df46\"},\"headline\":\"Pat\u00ea natalino com uvas verdes\",\"datePublished\":\"2025-12-12T12:00:08+00:00\",\"dateModified\":\"2026-02-25T10:03:57+00:00\",\"mainEntityOfPage\":{\"@id\":\"https:\\\/\\\/www.elciruelo.com\\\/pt-br\\\/pate-natalino-uvas-verdes\\\/\"},\"wordCount\":320,\"publisher\":{\"@id\":\"https:\\\/\\\/www.elciruelo.com\\\/pt-br\\\/#organization\"},\"image\":{\"@id\":\"https:\\\/\\\/www.elciruelo.com\\\/pt-br\\\/pate-natalino-uvas-verdes\\\/#primaryimage\"},\"thumbnailUrl\":\"https:\\\/\\\/www.elciruelo.com\\\/wp-content\\\/uploads\\\/2025\\\/12\\\/Captura-de-pantalla-2026-02-25-110427.png\",\"articleSection\":[\"Receitas com uva\",\"Receitas de fruta\"],\"inLanguage\":\"pt-BR\"},{\"@type\":\"WebPage\",\"@id\":\"https:\\\/\\\/www.elciruelo.com\\\/pt-br\\\/pate-natalino-uvas-verdes\\\/\",\"url\":\"https:\\\/\\\/www.elciruelo.com\\\/pt-br\\\/pate-natalino-uvas-verdes\\\/\",\"name\":\"Pat\u00ea natalino com uvas verdes\",\"isPartOf\":{\"@id\":\"https:\\\/\\\/www.elciruelo.com\\\/pt-br\\\/#website\"},\"primaryImageOfPage\":{\"@id\":\"https:\\\/\\\/www.elciruelo.com\\\/pt-br\\\/pate-natalino-uvas-verdes\\\/#primaryimage\"},\"image\":{\"@id\":\"https:\\\/\\\/www.elciruelo.com\\\/pt-br\\\/pate-natalino-uvas-verdes\\\/#primaryimage\"},\"thumbnailUrl\":\"https:\\\/\\\/www.elciruelo.com\\\/wp-content\\\/uploads\\\/2025\\\/12\\\/Captura-de-pantalla-2026-02-25-110427.png\",\"datePublished\":\"2025-12-12T12:00:08+00:00\",\"dateModified\":\"2026-02-25T10:03:57+00:00\",\"description\":\"Pat\u00ea natalino com uvas verdes: receita r\u00e1pida, cremosa e deliciosa para as festas. Feito com cream cheese, bacon, nozes e uvas Doce Uva.\",\"breadcrumb\":{\"@id\":\"https:\\\/\\\/www.elciruelo.com\\\/pt-br\\\/pate-natalino-uvas-verdes\\\/#breadcrumb\"},\"inLanguage\":\"pt-BR\",\"potentialAction\":[{\"@type\":\"ReadAction\",\"target\":[\"https:\\\/\\\/www.elciruelo.com\\\/pt-br\\\/pate-natalino-uvas-verdes\\\/\"]}]},{\"@type\":\"ImageObject\",\"inLanguage\":\"pt-BR\",\"@id\":\"https:\\\/\\\/www.elciruelo.com\\\/pt-br\\\/pate-natalino-uvas-verdes\\\/#primaryimage\",\"url\":\"https:\\\/\\\/www.elciruelo.com\\\/wp-content\\\/uploads\\\/2025\\\/12\\\/Captura-de-pantalla-2026-02-25-110427.png\",\"contentUrl\":\"https:\\\/\\\/www.elciruelo.com\\\/wp-content\\\/uploads\\\/2025\\\/12\\\/Captura-de-pantalla-2026-02-25-110427.png\",\"width\":515,\"height\":541,\"caption\":\"Pate natalino com uvas verdes\"},{\"@type\":\"BreadcrumbList\",\"@id\":\"https:\\\/\\\/www.elciruelo.com\\\/pt-br\\\/pate-natalino-uvas-verdes\\\/#breadcrumb\",\"itemListElement\":[{\"@type\":\"ListItem\",\"position\":1,\"name\":\"Home\",\"item\":\"https:\\\/\\\/www.elciruelo.com\\\/pt-br\\\/\"},{\"@type\":\"ListItem\",\"position\":2,\"name\":\"Pat\u00ea natalino com uvas verdes\"}]},{\"@type\":\"WebSite\",\"@id\":\"https:\\\/\\\/www.elciruelo.com\\\/pt-br\\\/#website\",\"url\":\"https:\\\/\\\/www.elciruelo.com\\\/pt-br\\\/\",\"name\":\"El Ciruelo\",\"description\":\"Productores de Uva de Mesa y Fruta de Hueso  \",\"publisher\":{\"@id\":\"https:\\\/\\\/www.elciruelo.com\\\/pt-br\\\/#organization\"},\"alternateName\":\"Ciruelo\",\"potentialAction\":[{\"@type\":\"SearchAction\",\"target\":{\"@type\":\"EntryPoint\",\"urlTemplate\":\"https:\\\/\\\/www.elciruelo.com\\\/pt-br\\\/?s={search_term_string}\"},\"query-input\":{\"@type\":\"PropertyValueSpecification\",\"valueRequired\":true,\"valueName\":\"search_term_string\"}}],\"inLanguage\":\"pt-BR\"},{\"@type\":\"Organization\",\"@id\":\"https:\\\/\\\/www.elciruelo.com\\\/pt-br\\\/#organization\",\"name\":\"El Ciruelo\",\"alternateName\":\"Grupo El Ciruelo\",\"url\":\"https:\\\/\\\/www.elciruelo.com\\\/pt-br\\\/\",\"logo\":{\"@type\":\"ImageObject\",\"inLanguage\":\"pt-BR\",\"@id\":\"https:\\\/\\\/www.elciruelo.com\\\/pt-br\\\/#\\\/schema\\\/logo\\\/image\\\/\",\"url\":\"https:\\\/\\\/www.elciruelo.com\\\/wp-content\\\/uploads\\\/2021\\\/09\\\/el-ciruelo-logo.png\",\"contentUrl\":\"https:\\\/\\\/www.elciruelo.com\\\/wp-content\\\/uploads\\\/2021\\\/09\\\/el-ciruelo-logo.png\",\"width\":636,\"height\":174,\"caption\":\"El Ciruelo\"},\"image\":{\"@id\":\"https:\\\/\\\/www.elciruelo.com\\\/pt-br\\\/#\\\/schema\\\/logo\\\/image\\\/\"},\"sameAs\":[\"https:\\\/\\\/es-es.facebook.com\\\/ElCirueloSL\\\/\",\"https:\\\/\\\/www.instagram.com\\\/elciruelofruits\\\/\",\"https:\\\/\\\/www.tiktok.com\\\/@elciruelofruits\",\"https:\\\/\\\/es.linkedin.com\\\/company\\\/grupoelciruelo\"]},{\"@type\":\"Person\",\"@id\":\"https:\\\/\\\/www.elciruelo.com\\\/pt-br\\\/#\\\/schema\\\/person\\\/1fd1c03b7551a2d76c8e9ada5da3df46\",\"name\":\"comunicacion_elciruelo\",\"image\":{\"@type\":\"ImageObject\",\"inLanguage\":\"pt-BR\",\"@id\":\"https:\\\/\\\/secure.gravatar.com\\\/avatar\\\/38455aa28773382b217f7f58f0c7aad10f497083c594869fd416cff8e64367ab?s=96&d=mm&r=g\",\"url\":\"https:\\\/\\\/secure.gravatar.com\\\/avatar\\\/38455aa28773382b217f7f58f0c7aad10f497083c594869fd416cff8e64367ab?s=96&d=mm&r=g\",\"contentUrl\":\"https:\\\/\\\/secure.gravatar.com\\\/avatar\\\/38455aa28773382b217f7f58f0c7aad10f497083c594869fd416cff8e64367ab?s=96&d=mm&r=g\",\"caption\":\"comunicacion_elciruelo\"}}]}<\/script>\n<!-- \/ Yoast SEO plugin. -->","yoast_head_json":{"title":"Pat\u00ea natalino com uvas verdes","description":"Pat\u00ea natalino com uvas verdes: receita r\u00e1pida, cremosa e deliciosa para as festas. Feito com cream cheese, bacon, nozes e uvas Doce Uva.","robots":{"index":"index","follow":"follow","max-snippet":"max-snippet:-1","max-image-preview":"max-image-preview:large","max-video-preview":"max-video-preview:-1"},"canonical":"https:\/\/www.elciruelo.com\/pt-br\/pate-natalino-uvas-verdes\/","og_locale":"pt_BR","og_type":"article","og_title":"Pat\u00ea natalino com uvas verdes","og_description":"Pat\u00ea natalino com uvas verdes: receita r\u00e1pida, cremosa e deliciosa para as festas. Feito com cream cheese, bacon, nozes e uvas Doce Uva.","og_url":"https:\/\/www.elciruelo.com\/pt-br\/pate-natalino-uvas-verdes\/","og_site_name":"El Ciruelo","article_publisher":"https:\/\/es-es.facebook.com\/ElCirueloSL\/","article_published_time":"2025-12-12T12:00:08+00:00","article_modified_time":"2026-02-25T10:03:57+00:00","og_image":[{"width":515,"height":541,"url":"https:\/\/www.elciruelo.com\/wp-content\/uploads\/2025\/12\/Captura-de-pantalla-2026-02-25-110427.png","type":"image\/png"}],"author":"comunicacion_elciruelo","twitter_card":"summary_large_image","twitter_misc":{"Escrito por":"comunicacion_elciruelo","Est. tempo de leitura":"2 minutos"},"schema":{"@context":"https:\/\/schema.org","@graph":[{"@type":"Article","@id":"https:\/\/www.elciruelo.com\/pt-br\/pate-natalino-uvas-verdes\/#article","isPartOf":{"@id":"https:\/\/www.elciruelo.com\/pt-br\/pate-natalino-uvas-verdes\/"},"author":{"name":"comunicacion_elciruelo","@id":"https:\/\/www.elciruelo.com\/pt-br\/#\/schema\/person\/1fd1c03b7551a2d76c8e9ada5da3df46"},"headline":"Pat\u00ea natalino com uvas verdes","datePublished":"2025-12-12T12:00:08+00:00","dateModified":"2026-02-25T10:03:57+00:00","mainEntityOfPage":{"@id":"https:\/\/www.elciruelo.com\/pt-br\/pate-natalino-uvas-verdes\/"},"wordCount":320,"publisher":{"@id":"https:\/\/www.elciruelo.com\/pt-br\/#organization"},"image":{"@id":"https:\/\/www.elciruelo.com\/pt-br\/pate-natalino-uvas-verdes\/#primaryimage"},"thumbnailUrl":"https:\/\/www.elciruelo.com\/wp-content\/uploads\/2025\/12\/Captura-de-pantalla-2026-02-25-110427.png","articleSection":["Receitas com uva","Receitas de fruta"],"inLanguage":"pt-BR"},{"@type":"WebPage","@id":"https:\/\/www.elciruelo.com\/pt-br\/pate-natalino-uvas-verdes\/","url":"https:\/\/www.elciruelo.com\/pt-br\/pate-natalino-uvas-verdes\/","name":"Pat\u00ea natalino com uvas verdes","isPartOf":{"@id":"https:\/\/www.elciruelo.com\/pt-br\/#website"},"primaryImageOfPage":{"@id":"https:\/\/www.elciruelo.com\/pt-br\/pate-natalino-uvas-verdes\/#primaryimage"},"image":{"@id":"https:\/\/www.elciruelo.com\/pt-br\/pate-natalino-uvas-verdes\/#primaryimage"},"thumbnailUrl":"https:\/\/www.elciruelo.com\/wp-content\/uploads\/2025\/12\/Captura-de-pantalla-2026-02-25-110427.png","datePublished":"2025-12-12T12:00:08+00:00","dateModified":"2026-02-25T10:03:57+00:00","description":"Pat\u00ea natalino com uvas verdes: receita r\u00e1pida, cremosa e deliciosa para as festas. Feito com cream cheese, bacon, nozes e uvas Doce Uva.","breadcrumb":{"@id":"https:\/\/www.elciruelo.com\/pt-br\/pate-natalino-uvas-verdes\/#breadcrumb"},"inLanguage":"pt-BR","potentialAction":[{"@type":"ReadAction","target":["https:\/\/www.elciruelo.com\/pt-br\/pate-natalino-uvas-verdes\/"]}]},{"@type":"ImageObject","inLanguage":"pt-BR","@id":"https:\/\/www.elciruelo.com\/pt-br\/pate-natalino-uvas-verdes\/#primaryimage","url":"https:\/\/www.elciruelo.com\/wp-content\/uploads\/2025\/12\/Captura-de-pantalla-2026-02-25-110427.png","contentUrl":"https:\/\/www.elciruelo.com\/wp-content\/uploads\/2025\/12\/Captura-de-pantalla-2026-02-25-110427.png","width":515,"height":541,"caption":"Pate natalino com uvas verdes"},{"@type":"BreadcrumbList","@id":"https:\/\/www.elciruelo.com\/pt-br\/pate-natalino-uvas-verdes\/#breadcrumb","itemListElement":[{"@type":"ListItem","position":1,"name":"Home","item":"https:\/\/www.elciruelo.com\/pt-br\/"},{"@type":"ListItem","position":2,"name":"Pat\u00ea natalino com uvas verdes"}]},{"@type":"WebSite","@id":"https:\/\/www.elciruelo.com\/pt-br\/#website","url":"https:\/\/www.elciruelo.com\/pt-br\/","name":"El Ciruelo","description":"Productores de Uva de Mesa y Fruta de Hueso  ","publisher":{"@id":"https:\/\/www.elciruelo.com\/pt-br\/#organization"},"alternateName":"Ciruelo","potentialAction":[{"@type":"SearchAction","target":{"@type":"EntryPoint","urlTemplate":"https:\/\/www.elciruelo.com\/pt-br\/?s={search_term_string}"},"query-input":{"@type":"PropertyValueSpecification","valueRequired":true,"valueName":"search_term_string"}}],"inLanguage":"pt-BR"},{"@type":"Organization","@id":"https:\/\/www.elciruelo.com\/pt-br\/#organization","name":"El Ciruelo","alternateName":"Grupo El Ciruelo","url":"https:\/\/www.elciruelo.com\/pt-br\/","logo":{"@type":"ImageObject","inLanguage":"pt-BR","@id":"https:\/\/www.elciruelo.com\/pt-br\/#\/schema\/logo\/image\/","url":"https:\/\/www.elciruelo.com\/wp-content\/uploads\/2021\/09\/el-ciruelo-logo.png","contentUrl":"https:\/\/www.elciruelo.com\/wp-content\/uploads\/2021\/09\/el-ciruelo-logo.png","width":636,"height":174,"caption":"El Ciruelo"},"image":{"@id":"https:\/\/www.elciruelo.com\/pt-br\/#\/schema\/logo\/image\/"},"sameAs":["https:\/\/es-es.facebook.com\/ElCirueloSL\/","https:\/\/www.instagram.com\/elciruelofruits\/","https:\/\/www.tiktok.com\/@elciruelofruits","https:\/\/es.linkedin.com\/company\/grupoelciruelo"]},{"@type":"Person","@id":"https:\/\/www.elciruelo.com\/pt-br\/#\/schema\/person\/1fd1c03b7551a2d76c8e9ada5da3df46","name":"comunicacion_elciruelo","image":{"@type":"ImageObject","inLanguage":"pt-BR","@id":"https:\/\/secure.gravatar.com\/avatar\/38455aa28773382b217f7f58f0c7aad10f497083c594869fd416cff8e64367ab?s=96&d=mm&r=g","url":"https:\/\/secure.gravatar.com\/avatar\/38455aa28773382b217f7f58f0c7aad10f497083c594869fd416cff8e64367ab?s=96&d=mm&r=g","contentUrl":"https:\/\/secure.gravatar.com\/avatar\/38455aa28773382b217f7f58f0c7aad10f497083c594869fd416cff8e64367ab?s=96&d=mm&r=g","caption":"comunicacion_elciruelo"}}]}},"_links":{"self":[{"href":"https:\/\/www.elciruelo.com\/pt-br\/wp-json\/wp\/v2\/posts\/16909","targetHints":{"allow":["GET"]}}],"collection":[{"href":"https:\/\/www.elciruelo.com\/pt-br\/wp-json\/wp\/v2\/posts"}],"about":[{"href":"https:\/\/www.elciruelo.com\/pt-br\/wp-json\/wp\/v2\/types\/post"}],"author":[{"embeddable":true,"href":"https:\/\/www.elciruelo.com\/pt-br\/wp-json\/wp\/v2\/users\/28"}],"replies":[{"embeddable":true,"href":"https:\/\/www.elciruelo.com\/pt-br\/wp-json\/wp\/v2\/comments?post=16909"}],"version-history":[{"count":6,"href":"https:\/\/www.elciruelo.com\/pt-br\/wp-json\/wp\/v2\/posts\/16909\/revisions"}],"predecessor-version":[{"id":22558,"href":"https:\/\/www.elciruelo.com\/pt-br\/wp-json\/wp\/v2\/posts\/16909\/revisions\/22558"}],"wp:featuredmedia":[{"embeddable":true,"href":"https:\/\/www.elciruelo.com\/pt-br\/wp-json\/wp\/v2\/media\/24566"}],"wp:attachment":[{"href":"https:\/\/www.elciruelo.com\/pt-br\/wp-json\/wp\/v2\/media?parent=16909"}],"wp:term":[{"taxonomy":"category","embeddable":true,"href":"https:\/\/www.elciruelo.com\/pt-br\/wp-json\/wp\/v2\/categories?post=16909"},{"taxonomy":"post_tag","embeddable":true,"href":"https:\/\/www.elciruelo.com\/pt-br\/wp-json\/wp\/v2\/tags?post=16909"}],"curies":[{"name":"wp","href":"https:\/\/api.w.org\/{rel}","templated":true}]}}