{"id":17642,"date":"2026-01-20T13:00:46","date_gmt":"2026-01-20T12:00:46","guid":{"rendered":"https:\/\/www.elciruelo.com\/?p=17642"},"modified":"2026-02-02T10:12:05","modified_gmt":"2026-02-02T09:12:05","slug":"colheita-de-uvas-no-brasil-2026-previsoes-regioes-e-qualidade","status":"publish","type":"post","link":"https:\/\/www.elciruelo.com\/pt-br\/colheita-de-uvas-no-brasil-2026-previsoes-regioes-e-qualidade\/","title":{"rendered":"Colheita de uvas no Brasil 2026: previs\u00f5es, regi\u00f5es e qualidade"},"content":{"rendered":"<p><span style=\"font-weight: 400;\">O ciclo produtivo das uvas geralmente passa por 5 fases at\u00e9 que as condi\u00e7\u00f5es estejam\u00a0 perfeitas para a realiza\u00e7\u00e3o da colheita de uvas e posteriormente possa chegar na tua mesa.<\/span><\/p>\n<p><span style=\"font-weight: 400;\">A grande respons\u00e1vel pelo desenvolvimento bem sucedido dos frutos \u00e9 a videira, que cumpre a etapa de dorm\u00eancia, brota\u00e7\u00e3o, flora\u00e7\u00e3o, crescimento das uvas e matura\u00e7\u00e3o.<\/span><\/p>\n<p><span style=\"font-weight: 400;\">\u00a0Cada uma dessas fases \u00e9 crucial para determinar a qualidade final da fruta que chegar\u00e1 ao consumidor. O momento exato da colheita \u00e9 determinado pelo produtor atrav\u00e9s de an\u00e1lises de matura\u00e7\u00e3o, garantindo a melhor qualidade poss\u00edvel.<\/span><\/p>\n<p><span style=\"font-weight: 400;\">Neste artigo, voc\u00ea conhecer\u00e1:<\/span><\/p>\n<ul>\n<li style=\"font-weight: 400;\" aria-level=\"1\"><span style=\"font-weight: 400;\">\u00a0as principais regi\u00f5es produtoras de uvas do Brasil e suas particularidades<\/span><\/li>\n<li style=\"font-weight: 400;\" aria-level=\"1\"><span style=\"font-weight: 400;\">fatores que influenciam a safra de 2026<\/span><\/li>\n<li style=\"font-weight: 400;\" aria-level=\"1\"><span style=\"font-weight: 400;\">principais eventos do calend\u00e1rio vitivin\u00edcola brasileiro<\/span><\/li>\n<\/ul>\n<p><span style=\"font-weight: 400;\">Acompanhe e descubra tudo sobre a <\/span><a href=\"https:\/\/www.elciruelo.com\/pt-br\/grupo-el-ciruelo\/areas-de-cultivo\/\"><span style=\"font-weight: 400;\">colheita de uvas<\/span><\/a><span style=\"font-weight: 400;\"> no Brasil em 2026!<\/span><\/p>\n<h2><span style=\"font-weight: 400;\">Principais regi\u00f5es produtoras<\/span><\/h2>\n<p><span style=\"font-weight: 400;\">O Brasil possui diversas regi\u00f5es produtoras de uvas de mesa e uvas de vinho, cada uma com suas particularidades clim\u00e1ticas e especialidades. Para 2026, as expectativas de colheita variam conforme as caracter\u00edsticas de cada regi\u00e3o.<\/span><\/p>\n<h3><span style=\"font-weight: 400;\">Rio Grande do Sul<\/span><\/h3>\n<p><span style=\"font-weight: 400;\">O Rio Grande do Sul \u00e9 o maior produtor de uvas do pa\u00eds, respons\u00e1vel por aproximadamente 50% da produ\u00e7\u00e3o nacional. A regi\u00e3o da Serra Ga\u00facha, com destaque para Bento Gon\u00e7alves, Caxias do Sul e Garibaldi, \u00e9 considerada o cora\u00e7\u00e3o da viticultura brasileira.<\/span><\/p>\n<p><span style=\"font-weight: 400;\">A colheita de uvas de mesa no estado ocorre principalmente entre dezembro e mar\u00e7o. J\u00e1 as uvas destinadas \u00e0 produ\u00e7\u00e3o de vinhos s\u00e3o colhidas entre janeiro e abril, dependendo da variedade e do estilo de vinho desejado.<\/span><\/p>\n<p><span style=\"font-weight: 400;\">Para 2026, produtores ga\u00fachos estimam uma safra equilibrada, com boas expectativas de qualidade devido aos investimentos em tecnologia de manejo e irriga\u00e7\u00e3o realizados nos \u00faltimos anos.<\/span><\/p>\n<h3><span style=\"font-weight: 400;\">Paran\u00e1<\/span><\/h3>\n<p><span style=\"font-weight: 400;\">O Paran\u00e1 tem ganhado destaque na produ\u00e7\u00e3o de uvas finas de mesa, especialmente na regi\u00e3o de Marialva, conhecida como a &#8220;Capital Nacional da Uva&#8221;. O estado \u00e9 respons\u00e1vel por cerca de 10% da produ\u00e7\u00e3o brasileira.<\/span><\/p>\n<p><span style=\"font-weight: 400;\">A colheita paranaense acontece principalmente entre novembro e fevereiro. O clima subtropical da regi\u00e3o favorece a produ\u00e7\u00e3o de uvas de excelente qualidade, com boa colora\u00e7\u00e3o e teor de a\u00e7\u00facar equilibrado.<\/span><\/p>\n<p><span style=\"font-weight: 400;\">As previs\u00f5es para 2026 indicam uma safra promissora, com aumento na \u00e1rea cultivada e ado\u00e7\u00e3o de novas variedades mais resistentes a doen\u00e7as.<\/span><\/p>\n<h3><span style=\"font-weight: 400;\">Minas Gerais<\/span><\/h3>\n<p><span style=\"font-weight: 400;\">Minas Gerais tem se consolidado como um importante polo produtor de uvas de mesa no Brasil, especialmente na regi\u00e3o Norte do estado. Com condi\u00e7\u00f5es clim\u00e1ticas favor\u00e1veis e investimentos crescentes em tecnologia agr\u00edcola, o estado mineiro vem ganhando destaque no cen\u00e1rio nacional da viticultura.<\/span><\/p>\n<p><span style=\"font-weight: 400;\">Para 2026, as expectativas s\u00e3o promissoras, com previs\u00f5es de expans\u00e3o da \u00e1rea cultivada e aumento da produtividade.<\/span><\/p>\n<h3><span style=\"font-weight: 400;\">S\u00e3o Paulo<\/span><\/h3>\n<p><span style=\"font-weight: 400;\">S\u00e3o Paulo destaca-se na produ\u00e7\u00e3o de uvas finas de mesa, especialmente nas regi\u00f5es de Jales e S\u00e3o Miguel do Arcanjo. O estado \u00e9 conhecido pela produ\u00e7\u00e3o de uvas sem sementes, cada vez mais valorizadas pelo mercado consumidor.<\/span><\/p>\n<p><span style=\"font-weight: 400;\">A colheita paulista concentra-se entre dezembro e mar\u00e7o. Os produtores do estado t\u00eam investido em tecnologias de cobertura pl\u00e1stica, permitindo melhor controle das condi\u00e7\u00f5es clim\u00e1ticas e prote\u00e7\u00e3o contra chuvas excessivas.<\/span><\/p>\n<p><span style=\"font-weight: 400;\">Para 2026, espera-se manuten\u00e7\u00e3o dos n\u00edveis de produ\u00e7\u00e3o, com foco na qualidade e em variedades premium que atendem ao mercado mais exigente.<\/span><\/p>\n<h3><span style=\"font-weight: 400;\">Pernambuco<\/span><\/h3>\n<p><span style=\"font-weight: 400;\">Pernambuco, especialmente o Vale do S\u00e3o Francisco, \u00e9 uma regi\u00e3o \u00fanica no Brasil por possibilitar at\u00e9 duas safras anuais de uvas. O clima semi\u00e1rido e a irriga\u00e7\u00e3o controlada permitem esse diferencial produtivo.<\/span><\/p>\n<p><span style=\"font-weight: 400;\">A regi\u00e3o \u00e9 respons\u00e1vel por aproximadamente 95% das uvas exportadas pelo Brasil. As colheitas ocorrem geralmente nos per\u00edodos de maio a julho e de outubro a dezembro, abastecendo o mercado nacional e internacional em per\u00edodos estrat\u00e9gicos.<\/span><\/p>\n<p><span style=\"font-weight: 400;\">As previs\u00f5es para 2026 s\u00e3o otimistas, com expectativa de aumento nas exporta\u00e7\u00f5es e consolida\u00e7\u00e3o de novas variedades adaptadas ao clima tropical.<\/span><\/p>\n<h3><span style=\"font-weight: 400;\">Bahia<\/span><\/h3>\n<p><span style=\"font-weight: 400;\">A Bahia, tamb\u00e9m na regi\u00e3o do Vale do S\u00e3o Francisco, complementa a produ\u00e7\u00e3o nordestina de uvas. O estado tem crescido consistentemente em \u00e1rea plantada e volume de produ\u00e7\u00e3o nos \u00faltimos anos.<\/span><\/p>\n<p><span style=\"font-weight: 400;\">Assim como Pernambuco, a Bahia tamb\u00e9m se beneficia da possibilidade de m\u00faltiplas safras anuais. A regi\u00e3o tem se especializado em uvas de mesa sem sementes, altamente demandadas no mercado nacional e internacional.<\/span><\/p>\n<p><span style=\"font-weight: 400;\">Para 2026, produtores baianos planejam expandir as \u00e1reas de cultivo e introduzir novas tecnologias de manejo, visando aumentar a produtividade sem comprometer a qualidade.<\/span><\/p>\n<h3><b>O Caminho das Uvas at\u00e9 a Sua Mesa<\/b><\/h3>\n<p><span style=\"font-weight: 400;\">Ap\u00f3s a colheita, as uvas percorrem um caminho cuidadoso at\u00e9 chegarem ao consumidor final. O processo inicia-se ainda no campo, onde os cachos s\u00e3o selecionados manualmente ou com aux\u00edlio de equipamentos especializados.<\/span><\/p>\n<p><span style=\"font-weight: 400;\">Imediatamente ap\u00f3s a colheita, as uvas passam por uma primeira sele\u00e7\u00e3o, onde s\u00e3o descartados frutos danificados ou fora do padr\u00e3o. Em seguida, s\u00e3o embaladas em caixas espec\u00edficas que protegem os cachos durante o transporte.<\/span><\/p>\n<p><span style=\"font-weight: 400;\">O transporte refrigerado \u00e9 essencial para manter a qualidade das uvas. A cadeia de frio preserva o frescor, textura e sabor dos frutos desde a propriedade rural at\u00e9 os centros de distribui\u00e7\u00e3o.<\/span><\/p>\n<p><span style=\"font-weight: 400;\">Nos centros de distribui\u00e7\u00e3o, as uvas passam por nova inspe\u00e7\u00e3o de qualidade antes de serem encaminhadas para supermercados, feiras e outros pontos de venda.\u00a0<\/span><\/p>\n<h2><strong>Fatores que podem influenciar a Safra 2026<\/strong><\/h2>\n<p><span style=\"font-weight: 400;\">Diversos fatores podem impactar a qualidade e quantidade da safra de 2026. As mudan\u00e7as clim\u00e1ticas t\u00eam sido uma preocupa\u00e7\u00e3o constante dos produtores, com eventos extremos como geadas tardias, chuvas excessivas ou per\u00edodos de seca prolongada.<\/span><\/p>\n<p><span style=\"font-weight: 400;\">A disponibilidade e o custo de insumos agr\u00edcolas tamb\u00e9m influenciam diretamente a produ\u00e7\u00e3o. Fertilizantes, defensivos e sistemas de irriga\u00e7\u00e3o s\u00e3o essenciais para garantir produtividade e qualidade das uvas.<\/span><\/p>\n<p><span style=\"font-weight: 400;\">A m\u00e3o de obra qualificada \u00e9 outro fator crucial. A colheita de uvas requer trabalhadores experientes, especialmente para variedades mais delicadas que exigem cuidado manual.<\/span><\/p>\n<p><span style=\"font-weight: 400;\">Investimentos em tecnologia, como sistemas de monitoramento clim\u00e1tico, drones para mapeamento de vinhedos e softwares de gest\u00e3o agr\u00edcola, t\u00eam permitido aos produtores tomarem decis\u00f5es mais precisas e eficientes.<\/span><\/p>\n<h2><strong>Impacto no mercado e consumo<\/strong><\/h2>\n<p><span style=\"font-weight: 400;\">As expectativas para o mercado de uvas em 2026 s\u00e3o positivas. O consumo de uvas de mesa tem crescido consistentemente no Brasil, impulsionado pela busca por alimenta\u00e7\u00e3o mais saud\u00e1vel e natural.<\/span><\/p>\n<p><span style=\"font-weight: 400;\">As exporta\u00e7\u00f5es brasileiras de uvas continuam em expans\u00e3o, com o Vale do S\u00e3o Francisco consolidado como principal polo exportador. Os mercados europeu e norte-americano s\u00e3o os principais destinos das uvas brasileiras.<\/span><\/p>\n<p><span style=\"font-weight: 400;\">O mercado interno tamb\u00e9m apresenta crescimento, especialmente para variedades premium e org\u00e2nicas. Consumidores est\u00e3o dispostos a pagar mais por uvas de qualidade superior, sem agrot\u00f3xicos e com certifica\u00e7\u00f5es de sustentabilidade.<\/span><\/p>\n<h2><strong>Calend\u00e1rio e Eventos<\/strong><\/h2>\n<h3><span style=\"font-weight: 400;\">Eventos de uvas de vinho 2026<\/span><\/h3>\n<p><span style=\"font-weight: 400;\">O calend\u00e1rio vitivin\u00edcola de 2026 promete ser repleto de eventos importantes. A tradicional Festa da Uva de Caxias do Sul, realizada a cada dois anos, acontecer\u00e1 em fevereiro, celebrando a cultura italiana e a produ\u00e7\u00e3o de vinhos da Serra Ga\u00facha.<\/span><\/p>\n<p><span style=\"font-weight: 400;\">A Vindima, per\u00edodo de colheita das uvas para vinho, ser\u00e1 marcada por diversos eventos entre fevereiro e abril nas principais regi\u00f5es produtoras. \u00c9 esperado que as Vin\u00edcolas abram suas portas para visita\u00e7\u00e3o, degusta\u00e7\u00e3o e experi\u00eancias imersivas nos vinhedos.<\/span><\/p>\n<p><span style=\"font-weight: 400;\">Feiras t\u00e9cnicas e congressos sobre viticultura tamb\u00e9m est\u00e3o programados ao longo do ano, reunindo produtores, en\u00f3logos e profissionais do setor para discuss\u00f5es sobre inova\u00e7\u00f5es, sustentabilidade e mercado.<\/span><\/p>\n<h3><span style=\"font-weight: 400;\">Eventos de uvas de mesa 2026<\/span><\/h3>\n<p><span style=\"font-weight: 400;\">Para as uvas de mesa, diversos eventos regionais est\u00e3o programados. A Festa da Uva de Marialva (PR), uma das mais tradicionais do estado, acontecer\u00e1 em janeiro, coincidindo com o pico da safra local.<\/span><\/p>\n<p><span style=\"font-weight: 400;\">No Vale do S\u00e3o Francisco, os festivais de colheita est\u00e3o previstos para maio e outubro, per\u00edodos que marcam as duas safras anuais da regi\u00e3o. Esses eventos promovem a gastronomia local e atraem turistas interessados em conhecer a produ\u00e7\u00e3o de uvas tropicais.<\/span><\/p>\n<p><span style=\"font-weight: 400;\">Feiras agr\u00edcolas e exposi\u00e7\u00f5es t\u00e9cnicas tamb\u00e9m integrar\u00e3o o calend\u00e1rio, oferecendo aos produtores oportunidades de conhecer novas variedades, tecnologias e estabelecer contatos comerciais que fortalecer\u00e3o o setor nos pr\u00f3ximos anos.<\/span><\/p>\n","protected":false},"excerpt":{"rendered":"<p>O ciclo produtivo das uvas geralmente passa por 5 fases at\u00e9 que as condi\u00e7\u00f5es estejam\u00a0 perfeitas para a realiza\u00e7\u00e3o da colheita de uvas e posteriormente possa chegar na tua mesa. A grande respons\u00e1vel pelo desenvolvimento bem sucedido dos frutos \u00e9 a videira, que cumpre a etapa de dorm\u00eancia, brota\u00e7\u00e3o, flora\u00e7\u00e3o, crescimento das uvas e matura\u00e7\u00e3o. [&hellip;]<\/p>\n","protected":false},"author":28,"featured_media":17644,"comment_status":"closed","ping_status":"closed","sticky":false,"template":"","format":"standard","meta":{"_acf_changed":false,"footnotes":""},"categories":[8],"tags":[],"class_list":["post-17642","post","type-post","status-publish","format-standard","has-post-thumbnail","hentry","category-atualidade"],"acf":[],"yoast_head":"<!-- This site is optimized with the Yoast SEO plugin v27.4 - https:\/\/yoast.com\/product\/yoast-seo-wordpress\/ -->\n<title>Colheita de uvas no Brasil 2026: previs\u00f5es, regi\u00f5es e qualidade<\/title>\n<meta name=\"description\" content=\"Tudo sobre a colheita de uvas 2026 no Brasil: previs\u00f5es de produ\u00e7\u00e3o, qualidade esperada, principais regi\u00f5es produtoras e impacto no mercado.\" \/>\n<meta name=\"robots\" content=\"index, follow, max-snippet:-1, max-image-preview:large, max-video-preview:-1\" \/>\n<link rel=\"canonical\" href=\"https:\/\/www.elciruelo.com\/pt-br\/colheita-de-uvas-no-brasil-2026-previsoes-regioes-e-qualidade\/\" \/>\n<meta property=\"og:locale\" content=\"pt_BR\" \/>\n<meta property=\"og:type\" content=\"article\" \/>\n<meta property=\"og:title\" content=\"Colheita de uvas no Brasil 2026: previs\u00f5es, regi\u00f5es e qualidade\" \/>\n<meta property=\"og:description\" content=\"Tudo sobre a colheita de uvas 2026 no Brasil: previs\u00f5es de produ\u00e7\u00e3o, qualidade esperada, principais regi\u00f5es produtoras e impacto no mercado.\" \/>\n<meta property=\"og:url\" content=\"https:\/\/www.elciruelo.com\/pt-br\/colheita-de-uvas-no-brasil-2026-previsoes-regioes-e-qualidade\/\" \/>\n<meta property=\"og:site_name\" content=\"El Ciruelo\" \/>\n<meta property=\"article:publisher\" content=\"https:\/\/es-es.facebook.com\/ElCirueloSL\/\" \/>\n<meta property=\"article:published_time\" content=\"2026-01-20T12:00:46+00:00\" \/>\n<meta property=\"article:modified_time\" content=\"2026-02-02T09:12:05+00:00\" \/>\n<meta property=\"og:image\" content=\"https:\/\/www.elciruelo.com\/wp-content\/uploads\/2026\/01\/colheita-de-uvas-no-Brasil-2026-1024x1024.png\" \/>\n\t<meta property=\"og:image:width\" content=\"1024\" \/>\n\t<meta property=\"og:image:height\" content=\"1024\" \/>\n\t<meta property=\"og:image:type\" content=\"image\/png\" \/>\n<meta name=\"author\" content=\"comunicacion_elciruelo\" \/>\n<meta name=\"twitter:card\" content=\"summary_large_image\" \/>\n<meta name=\"twitter:label1\" content=\"Escrito por\" \/>\n\t<meta name=\"twitter:data1\" content=\"comunicacion_elciruelo\" \/>\n\t<meta name=\"twitter:label2\" content=\"Est. tempo de leitura\" \/>\n\t<meta name=\"twitter:data2\" content=\"7 minutos\" \/>\n<script type=\"application\/ld+json\" class=\"yoast-schema-graph\">{\"@context\":\"https:\\\/\\\/schema.org\",\"@graph\":[{\"@type\":\"Article\",\"@id\":\"https:\\\/\\\/www.elciruelo.com\\\/pt-br\\\/colheita-de-uvas-no-brasil-2026-previsoes-regioes-e-qualidade\\\/#article\",\"isPartOf\":{\"@id\":\"https:\\\/\\\/www.elciruelo.com\\\/pt-br\\\/colheita-de-uvas-no-brasil-2026-previsoes-regioes-e-qualidade\\\/\"},\"author\":{\"name\":\"comunicacion_elciruelo\",\"@id\":\"https:\\\/\\\/www.elciruelo.com\\\/pt-br\\\/#\\\/schema\\\/person\\\/1fd1c03b7551a2d76c8e9ada5da3df46\"},\"headline\":\"Colheita de uvas no Brasil 2026: previs\u00f5es, regi\u00f5es e qualidade\",\"datePublished\":\"2026-01-20T12:00:46+00:00\",\"dateModified\":\"2026-02-02T09:12:05+00:00\",\"mainEntityOfPage\":{\"@id\":\"https:\\\/\\\/www.elciruelo.com\\\/pt-br\\\/colheita-de-uvas-no-brasil-2026-previsoes-regioes-e-qualidade\\\/\"},\"wordCount\":1408,\"publisher\":{\"@id\":\"https:\\\/\\\/www.elciruelo.com\\\/pt-br\\\/#organization\"},\"image\":{\"@id\":\"https:\\\/\\\/www.elciruelo.com\\\/pt-br\\\/colheita-de-uvas-no-brasil-2026-previsoes-regioes-e-qualidade\\\/#primaryimage\"},\"thumbnailUrl\":\"https:\\\/\\\/www.elciruelo.com\\\/wp-content\\\/uploads\\\/2026\\\/01\\\/colheita-de-uvas-no-Brasil-2026.png\",\"articleSection\":[\"Atualidade\"],\"inLanguage\":\"pt-BR\"},{\"@type\":\"WebPage\",\"@id\":\"https:\\\/\\\/www.elciruelo.com\\\/pt-br\\\/colheita-de-uvas-no-brasil-2026-previsoes-regioes-e-qualidade\\\/\",\"url\":\"https:\\\/\\\/www.elciruelo.com\\\/pt-br\\\/colheita-de-uvas-no-brasil-2026-previsoes-regioes-e-qualidade\\\/\",\"name\":\"Colheita de uvas no Brasil 2026: previs\u00f5es, regi\u00f5es e qualidade\",\"isPartOf\":{\"@id\":\"https:\\\/\\\/www.elciruelo.com\\\/pt-br\\\/#website\"},\"primaryImageOfPage\":{\"@id\":\"https:\\\/\\\/www.elciruelo.com\\\/pt-br\\\/colheita-de-uvas-no-brasil-2026-previsoes-regioes-e-qualidade\\\/#primaryimage\"},\"image\":{\"@id\":\"https:\\\/\\\/www.elciruelo.com\\\/pt-br\\\/colheita-de-uvas-no-brasil-2026-previsoes-regioes-e-qualidade\\\/#primaryimage\"},\"thumbnailUrl\":\"https:\\\/\\\/www.elciruelo.com\\\/wp-content\\\/uploads\\\/2026\\\/01\\\/colheita-de-uvas-no-Brasil-2026.png\",\"datePublished\":\"2026-01-20T12:00:46+00:00\",\"dateModified\":\"2026-02-02T09:12:05+00:00\",\"description\":\"Tudo sobre a colheita de uvas 2026 no Brasil: previs\u00f5es de produ\u00e7\u00e3o, qualidade esperada, principais regi\u00f5es produtoras e impacto no mercado.\",\"breadcrumb\":{\"@id\":\"https:\\\/\\\/www.elciruelo.com\\\/pt-br\\\/colheita-de-uvas-no-brasil-2026-previsoes-regioes-e-qualidade\\\/#breadcrumb\"},\"inLanguage\":\"pt-BR\",\"potentialAction\":[{\"@type\":\"ReadAction\",\"target\":[\"https:\\\/\\\/www.elciruelo.com\\\/pt-br\\\/colheita-de-uvas-no-brasil-2026-previsoes-regioes-e-qualidade\\\/\"]}]},{\"@type\":\"ImageObject\",\"inLanguage\":\"pt-BR\",\"@id\":\"https:\\\/\\\/www.elciruelo.com\\\/pt-br\\\/colheita-de-uvas-no-brasil-2026-previsoes-regioes-e-qualidade\\\/#primaryimage\",\"url\":\"https:\\\/\\\/www.elciruelo.com\\\/wp-content\\\/uploads\\\/2026\\\/01\\\/colheita-de-uvas-no-Brasil-2026.png\",\"contentUrl\":\"https:\\\/\\\/www.elciruelo.com\\\/wp-content\\\/uploads\\\/2026\\\/01\\\/colheita-de-uvas-no-Brasil-2026.png\",\"width\":1080,\"height\":1080,\"caption\":\"Colheita de uvas no Brasil 2026\"},{\"@type\":\"BreadcrumbList\",\"@id\":\"https:\\\/\\\/www.elciruelo.com\\\/pt-br\\\/colheita-de-uvas-no-brasil-2026-previsoes-regioes-e-qualidade\\\/#breadcrumb\",\"itemListElement\":[{\"@type\":\"ListItem\",\"position\":1,\"name\":\"Home\",\"item\":\"https:\\\/\\\/www.elciruelo.com\\\/pt-br\\\/\"},{\"@type\":\"ListItem\",\"position\":2,\"name\":\"Colheita de uvas no Brasil 2026: previs\u00f5es, regi\u00f5es e qualidade\"}]},{\"@type\":\"WebSite\",\"@id\":\"https:\\\/\\\/www.elciruelo.com\\\/pt-br\\\/#website\",\"url\":\"https:\\\/\\\/www.elciruelo.com\\\/pt-br\\\/\",\"name\":\"El Ciruelo\",\"description\":\"Productores de Uva de Mesa y Fruta de Hueso  \",\"publisher\":{\"@id\":\"https:\\\/\\\/www.elciruelo.com\\\/pt-br\\\/#organization\"},\"alternateName\":\"Ciruelo\",\"potentialAction\":[{\"@type\":\"SearchAction\",\"target\":{\"@type\":\"EntryPoint\",\"urlTemplate\":\"https:\\\/\\\/www.elciruelo.com\\\/pt-br\\\/?s={search_term_string}\"},\"query-input\":{\"@type\":\"PropertyValueSpecification\",\"valueRequired\":true,\"valueName\":\"search_term_string\"}}],\"inLanguage\":\"pt-BR\"},{\"@type\":\"Organization\",\"@id\":\"https:\\\/\\\/www.elciruelo.com\\\/pt-br\\\/#organization\",\"name\":\"El Ciruelo\",\"alternateName\":\"Grupo El Ciruelo\",\"url\":\"https:\\\/\\\/www.elciruelo.com\\\/pt-br\\\/\",\"logo\":{\"@type\":\"ImageObject\",\"inLanguage\":\"pt-BR\",\"@id\":\"https:\\\/\\\/www.elciruelo.com\\\/pt-br\\\/#\\\/schema\\\/logo\\\/image\\\/\",\"url\":\"https:\\\/\\\/www.elciruelo.com\\\/wp-content\\\/uploads\\\/2021\\\/09\\\/el-ciruelo-logo.png\",\"contentUrl\":\"https:\\\/\\\/www.elciruelo.com\\\/wp-content\\\/uploads\\\/2021\\\/09\\\/el-ciruelo-logo.png\",\"width\":636,\"height\":174,\"caption\":\"El Ciruelo\"},\"image\":{\"@id\":\"https:\\\/\\\/www.elciruelo.com\\\/pt-br\\\/#\\\/schema\\\/logo\\\/image\\\/\"},\"sameAs\":[\"https:\\\/\\\/es-es.facebook.com\\\/ElCirueloSL\\\/\",\"https:\\\/\\\/www.instagram.com\\\/elciruelofruits\\\/\",\"https:\\\/\\\/www.tiktok.com\\\/@elciruelofruits\",\"https:\\\/\\\/es.linkedin.com\\\/company\\\/grupoelciruelo\"]},{\"@type\":\"Person\",\"@id\":\"https:\\\/\\\/www.elciruelo.com\\\/pt-br\\\/#\\\/schema\\\/person\\\/1fd1c03b7551a2d76c8e9ada5da3df46\",\"name\":\"comunicacion_elciruelo\",\"image\":{\"@type\":\"ImageObject\",\"inLanguage\":\"pt-BR\",\"@id\":\"https:\\\/\\\/secure.gravatar.com\\\/avatar\\\/38455aa28773382b217f7f58f0c7aad10f497083c594869fd416cff8e64367ab?s=96&d=mm&r=g\",\"url\":\"https:\\\/\\\/secure.gravatar.com\\\/avatar\\\/38455aa28773382b217f7f58f0c7aad10f497083c594869fd416cff8e64367ab?s=96&d=mm&r=g\",\"contentUrl\":\"https:\\\/\\\/secure.gravatar.com\\\/avatar\\\/38455aa28773382b217f7f58f0c7aad10f497083c594869fd416cff8e64367ab?s=96&d=mm&r=g\",\"caption\":\"comunicacion_elciruelo\"}}]}<\/script>\n<!-- \/ Yoast SEO plugin. -->","yoast_head_json":{"title":"Colheita de uvas no Brasil 2026: previs\u00f5es, regi\u00f5es e qualidade","description":"Tudo sobre a colheita de uvas 2026 no Brasil: previs\u00f5es de produ\u00e7\u00e3o, qualidade esperada, principais regi\u00f5es produtoras e impacto no mercado.","robots":{"index":"index","follow":"follow","max-snippet":"max-snippet:-1","max-image-preview":"max-image-preview:large","max-video-preview":"max-video-preview:-1"},"canonical":"https:\/\/www.elciruelo.com\/pt-br\/colheita-de-uvas-no-brasil-2026-previsoes-regioes-e-qualidade\/","og_locale":"pt_BR","og_type":"article","og_title":"Colheita de uvas no Brasil 2026: previs\u00f5es, regi\u00f5es e qualidade","og_description":"Tudo sobre a colheita de uvas 2026 no Brasil: previs\u00f5es de produ\u00e7\u00e3o, qualidade esperada, principais regi\u00f5es produtoras e impacto no mercado.","og_url":"https:\/\/www.elciruelo.com\/pt-br\/colheita-de-uvas-no-brasil-2026-previsoes-regioes-e-qualidade\/","og_site_name":"El Ciruelo","article_publisher":"https:\/\/es-es.facebook.com\/ElCirueloSL\/","article_published_time":"2026-01-20T12:00:46+00:00","article_modified_time":"2026-02-02T09:12:05+00:00","og_image":[{"width":1024,"height":1024,"url":"https:\/\/www.elciruelo.com\/wp-content\/uploads\/2026\/01\/colheita-de-uvas-no-Brasil-2026-1024x1024.png","type":"image\/png"}],"author":"comunicacion_elciruelo","twitter_card":"summary_large_image","twitter_misc":{"Escrito por":"comunicacion_elciruelo","Est. tempo de leitura":"7 minutos"},"schema":{"@context":"https:\/\/schema.org","@graph":[{"@type":"Article","@id":"https:\/\/www.elciruelo.com\/pt-br\/colheita-de-uvas-no-brasil-2026-previsoes-regioes-e-qualidade\/#article","isPartOf":{"@id":"https:\/\/www.elciruelo.com\/pt-br\/colheita-de-uvas-no-brasil-2026-previsoes-regioes-e-qualidade\/"},"author":{"name":"comunicacion_elciruelo","@id":"https:\/\/www.elciruelo.com\/pt-br\/#\/schema\/person\/1fd1c03b7551a2d76c8e9ada5da3df46"},"headline":"Colheita de uvas no Brasil 2026: previs\u00f5es, regi\u00f5es e qualidade","datePublished":"2026-01-20T12:00:46+00:00","dateModified":"2026-02-02T09:12:05+00:00","mainEntityOfPage":{"@id":"https:\/\/www.elciruelo.com\/pt-br\/colheita-de-uvas-no-brasil-2026-previsoes-regioes-e-qualidade\/"},"wordCount":1408,"publisher":{"@id":"https:\/\/www.elciruelo.com\/pt-br\/#organization"},"image":{"@id":"https:\/\/www.elciruelo.com\/pt-br\/colheita-de-uvas-no-brasil-2026-previsoes-regioes-e-qualidade\/#primaryimage"},"thumbnailUrl":"https:\/\/www.elciruelo.com\/wp-content\/uploads\/2026\/01\/colheita-de-uvas-no-Brasil-2026.png","articleSection":["Atualidade"],"inLanguage":"pt-BR"},{"@type":"WebPage","@id":"https:\/\/www.elciruelo.com\/pt-br\/colheita-de-uvas-no-brasil-2026-previsoes-regioes-e-qualidade\/","url":"https:\/\/www.elciruelo.com\/pt-br\/colheita-de-uvas-no-brasil-2026-previsoes-regioes-e-qualidade\/","name":"Colheita de uvas no Brasil 2026: previs\u00f5es, regi\u00f5es e qualidade","isPartOf":{"@id":"https:\/\/www.elciruelo.com\/pt-br\/#website"},"primaryImageOfPage":{"@id":"https:\/\/www.elciruelo.com\/pt-br\/colheita-de-uvas-no-brasil-2026-previsoes-regioes-e-qualidade\/#primaryimage"},"image":{"@id":"https:\/\/www.elciruelo.com\/pt-br\/colheita-de-uvas-no-brasil-2026-previsoes-regioes-e-qualidade\/#primaryimage"},"thumbnailUrl":"https:\/\/www.elciruelo.com\/wp-content\/uploads\/2026\/01\/colheita-de-uvas-no-Brasil-2026.png","datePublished":"2026-01-20T12:00:46+00:00","dateModified":"2026-02-02T09:12:05+00:00","description":"Tudo sobre a colheita de uvas 2026 no Brasil: previs\u00f5es de produ\u00e7\u00e3o, qualidade esperada, principais regi\u00f5es produtoras e impacto no mercado.","breadcrumb":{"@id":"https:\/\/www.elciruelo.com\/pt-br\/colheita-de-uvas-no-brasil-2026-previsoes-regioes-e-qualidade\/#breadcrumb"},"inLanguage":"pt-BR","potentialAction":[{"@type":"ReadAction","target":["https:\/\/www.elciruelo.com\/pt-br\/colheita-de-uvas-no-brasil-2026-previsoes-regioes-e-qualidade\/"]}]},{"@type":"ImageObject","inLanguage":"pt-BR","@id":"https:\/\/www.elciruelo.com\/pt-br\/colheita-de-uvas-no-brasil-2026-previsoes-regioes-e-qualidade\/#primaryimage","url":"https:\/\/www.elciruelo.com\/wp-content\/uploads\/2026\/01\/colheita-de-uvas-no-Brasil-2026.png","contentUrl":"https:\/\/www.elciruelo.com\/wp-content\/uploads\/2026\/01\/colheita-de-uvas-no-Brasil-2026.png","width":1080,"height":1080,"caption":"Colheita de uvas no Brasil 2026"},{"@type":"BreadcrumbList","@id":"https:\/\/www.elciruelo.com\/pt-br\/colheita-de-uvas-no-brasil-2026-previsoes-regioes-e-qualidade\/#breadcrumb","itemListElement":[{"@type":"ListItem","position":1,"name":"Home","item":"https:\/\/www.elciruelo.com\/pt-br\/"},{"@type":"ListItem","position":2,"name":"Colheita de uvas no Brasil 2026: previs\u00f5es, regi\u00f5es e qualidade"}]},{"@type":"WebSite","@id":"https:\/\/www.elciruelo.com\/pt-br\/#website","url":"https:\/\/www.elciruelo.com\/pt-br\/","name":"El Ciruelo","description":"Productores de Uva de Mesa y Fruta de Hueso  ","publisher":{"@id":"https:\/\/www.elciruelo.com\/pt-br\/#organization"},"alternateName":"Ciruelo","potentialAction":[{"@type":"SearchAction","target":{"@type":"EntryPoint","urlTemplate":"https:\/\/www.elciruelo.com\/pt-br\/?s={search_term_string}"},"query-input":{"@type":"PropertyValueSpecification","valueRequired":true,"valueName":"search_term_string"}}],"inLanguage":"pt-BR"},{"@type":"Organization","@id":"https:\/\/www.elciruelo.com\/pt-br\/#organization","name":"El Ciruelo","alternateName":"Grupo El Ciruelo","url":"https:\/\/www.elciruelo.com\/pt-br\/","logo":{"@type":"ImageObject","inLanguage":"pt-BR","@id":"https:\/\/www.elciruelo.com\/pt-br\/#\/schema\/logo\/image\/","url":"https:\/\/www.elciruelo.com\/wp-content\/uploads\/2021\/09\/el-ciruelo-logo.png","contentUrl":"https:\/\/www.elciruelo.com\/wp-content\/uploads\/2021\/09\/el-ciruelo-logo.png","width":636,"height":174,"caption":"El Ciruelo"},"image":{"@id":"https:\/\/www.elciruelo.com\/pt-br\/#\/schema\/logo\/image\/"},"sameAs":["https:\/\/es-es.facebook.com\/ElCirueloSL\/","https:\/\/www.instagram.com\/elciruelofruits\/","https:\/\/www.tiktok.com\/@elciruelofruits","https:\/\/es.linkedin.com\/company\/grupoelciruelo"]},{"@type":"Person","@id":"https:\/\/www.elciruelo.com\/pt-br\/#\/schema\/person\/1fd1c03b7551a2d76c8e9ada5da3df46","name":"comunicacion_elciruelo","image":{"@type":"ImageObject","inLanguage":"pt-BR","@id":"https:\/\/secure.gravatar.com\/avatar\/38455aa28773382b217f7f58f0c7aad10f497083c594869fd416cff8e64367ab?s=96&d=mm&r=g","url":"https:\/\/secure.gravatar.com\/avatar\/38455aa28773382b217f7f58f0c7aad10f497083c594869fd416cff8e64367ab?s=96&d=mm&r=g","contentUrl":"https:\/\/secure.gravatar.com\/avatar\/38455aa28773382b217f7f58f0c7aad10f497083c594869fd416cff8e64367ab?s=96&d=mm&r=g","caption":"comunicacion_elciruelo"}}]}},"_links":{"self":[{"href":"https:\/\/www.elciruelo.com\/pt-br\/wp-json\/wp\/v2\/posts\/17642","targetHints":{"allow":["GET"]}}],"collection":[{"href":"https:\/\/www.elciruelo.com\/pt-br\/wp-json\/wp\/v2\/posts"}],"about":[{"href":"https:\/\/www.elciruelo.com\/pt-br\/wp-json\/wp\/v2\/types\/post"}],"author":[{"embeddable":true,"href":"https:\/\/www.elciruelo.com\/pt-br\/wp-json\/wp\/v2\/users\/28"}],"replies":[{"embeddable":true,"href":"https:\/\/www.elciruelo.com\/pt-br\/wp-json\/wp\/v2\/comments?post=17642"}],"version-history":[{"count":2,"href":"https:\/\/www.elciruelo.com\/pt-br\/wp-json\/wp\/v2\/posts\/17642\/revisions"}],"predecessor-version":[{"id":17649,"href":"https:\/\/www.elciruelo.com\/pt-br\/wp-json\/wp\/v2\/posts\/17642\/revisions\/17649"}],"wp:featuredmedia":[{"embeddable":true,"href":"https:\/\/www.elciruelo.com\/pt-br\/wp-json\/wp\/v2\/media\/17644"}],"wp:attachment":[{"href":"https:\/\/www.elciruelo.com\/pt-br\/wp-json\/wp\/v2\/media?parent=17642"}],"wp:term":[{"taxonomy":"category","embeddable":true,"href":"https:\/\/www.elciruelo.com\/pt-br\/wp-json\/wp\/v2\/categories?post=17642"},{"taxonomy":"post_tag","embeddable":true,"href":"https:\/\/www.elciruelo.com\/pt-br\/wp-json\/wp\/v2\/tags?post=17642"}],"curies":[{"name":"wp","href":"https:\/\/api.w.org\/{rel}","templated":true}]}}