{"id":18889,"date":"2026-01-23T16:00:57","date_gmt":"2026-01-23T15:00:57","guid":{"rendered":"https:\/\/www.elciruelo.com\/?p=18889"},"modified":"2026-02-25T10:54:39","modified_gmt":"2026-02-25T09:54:39","slug":"bala-azeda-de-uva-verde","status":"publish","type":"post","link":"https:\/\/www.elciruelo.com\/pt-br\/bala-azeda-de-uva-verde\/","title":{"rendered":"Bala azeda de uva verde: refrescante, divertida e irresist\u00edvel"},"content":{"rendered":"<p data-start=\"240\" data-end=\"563\">Se voc\u00ea gosta de receitas simples, criativas e cheias de sabor, a <strong data-start=\"306\" data-end=\"333\">bala azeda de uva verde<\/strong> vai conquistar voc\u00ea desde a primeira mordida. Refrescante, levemente \u00e1cida e com aquele toque adocicado na medida certa, essa receita \u00e9 daquelas ideias que surpreendem tanto pela facilidade de preparo quanto pelo resultado final.<\/p>\n<p data-start=\"565\" data-end=\"962\">Al\u00e9m de deliciosa, \u00e9 uma op\u00e7\u00e3o leve e divertida, perfeita para variar o consumo de frutas no dia a dia. Servida bem gelada, ela se transforma em um snack irresist\u00edvel para os dias quentes, para encontros descontra\u00eddos com amigos ou at\u00e9 como um toque especial em mesas de festa. E, claro, quando preparada com <strong data-start=\"874\" data-end=\"911\">uvas verdes sem sementes Doce Uva<\/strong>, o sabor e a textura ficam ainda mais especiais \ud83c\udf47<\/p>\n<p data-start=\"964\" data-end=\"1219\">Outro ponto forte dessa receita \u00e9 a versatilidade. As uvas congeladas podem ser consumidas puras, usadas como acompanhamento de sobremesas ou at\u00e9 como base para drinks e mocktails refrescantes. Basta soltar a criatividade e adaptar a ideia ao seu momento.<\/p>\n<h2>\ud83d\udcdd Ingredientes<\/h2>\n<ul>\n<li data-start=\"792\" data-end=\"831\">40 uvas verdes sem semente Doce Uva<\/li>\n<li data-start=\"834\" data-end=\"861\">60 g de a\u00e7\u00facar refinado<\/li>\n<li data-start=\"864\" data-end=\"883\">Suco de 1 lim\u00e3o<\/li>\n<\/ul>\n<h2>\ud83d\udc69\u200d\ud83c\udf73 Prepara\u00e7\u00e3o<\/h2>\n<p data-start=\"911\" data-end=\"1340\">1\ufe0f\u20e3 Lave bem as uvas e seque delicadamente com papel toalha.<br data-start=\"971\" data-end=\"974\" \/>2\ufe0f\u20e3 Coloque as uvas em um recipiente e regue com o suco de lim\u00e3o, misturando para que fiquem bem envolvidas.<br data-start=\"1082\" data-end=\"1085\" \/>3\ufe0f\u20e3 Acrescente o a\u00e7\u00facar refinado e misture novamente, garantindo que todas as uvas fiquem bem cobertas.<br data-start=\"1188\" data-end=\"1191\" \/>4\ufe0f\u20e3 Leve ao freezer por <strong data-start=\"1215\" data-end=\"1236\">no m\u00ednimo 4 horas<\/strong>, at\u00e9 que as uvas fiquem bem geladas e com textura firme.<br data-start=\"1293\" data-end=\"1296\" \/>5\ufe0f\u20e3 Retire do freezer e sirva imediatamente.<\/p>\n<p data-start=\"1342\" data-end=\"1491\">\ud83d\udc49 Dica: voc\u00ea pode adicionar folhas de hortel\u00e3 na finaliza\u00e7\u00e3o para um aroma ainda mais refrescante ou usar essas uvas como base para drinks e mocktails.<\/p>\n<blockquote class=\"instagram-media\" style=\"background: #FFF; border: 0; border-radius: 3px; box-shadow: 0 0 1px 0 rgba(0,0,0,0.5),0 1px 10px 0 rgba(0,0,0,0.15); margin: 1px; max-width: 540px; min-width: 326px; padding: 0; width: calc(100% - 2px);\" data-instgrm-permalink=\"https:\/\/www.instagram.com\/reel\/DT24KjljQi7\/?utm_source=ig_embed&amp;utm_campaign=loading\" data-instgrm-version=\"14\">\n<div style=\"padding: 16px;\">\n<div style=\"display: flex; flex-direction: row; align-items: center;\">\n<div style=\"background-color: #f4f4f4; border-radius: 50%; flex-grow: 0; height: 40px; margin-right: 14px; width: 40px;\"><\/div>\n<div style=\"display: flex; flex-direction: column; flex-grow: 1; justify-content: center;\">\n<div style=\"background-color: #f4f4f4; border-radius: 4px; flex-grow: 0; height: 14px; margin-bottom: 6px; width: 100px;\"><\/div>\n<div style=\"background-color: #f4f4f4; border-radius: 4px; flex-grow: 0; height: 14px; width: 60px;\"><\/div>\n<\/div>\n<\/div>\n<div style=\"padding: 19% 0;\"><\/div>\n<div style=\"display: block; height: 50px; margin: 0 auto 12px; width: 50px;\"><\/div>\n<div style=\"padding-top: 8px;\">\n<div style=\"color: #3897f0; font-family: Arial,sans-serif; font-size: 14px; font-style: normal; font-weight: 550; line-height: 18px;\">Ver esta publicaci\u00f3n en Instagram<\/div>\n<\/div>\n<div style=\"padding: 12.5% 0;\"><\/div>\n<div style=\"display: flex; flex-direction: row; margin-bottom: 14px; align-items: center;\">\n<div>\n<div style=\"background-color: #f4f4f4; border-radius: 50%; height: 12.5px; width: 12.5px; transform: translateX(0px) translateY(7px);\"><\/div>\n<div style=\"background-color: #f4f4f4; height: 12.5px; transform: rotate(-45deg) translateX(3px) translateY(1px); width: 12.5px; flex-grow: 0; margin-right: 14px; margin-left: 2px;\"><\/div>\n<div style=\"background-color: #f4f4f4; border-radius: 50%; height: 12.5px; width: 12.5px; transform: translateX(9px) translateY(-18px);\"><\/div>\n<\/div>\n<div style=\"margin-left: 8px;\">\n<div style=\"background-color: #f4f4f4; border-radius: 50%; flex-grow: 0; height: 20px; width: 20px;\"><\/div>\n<div style=\"width: 0; height: 0; border-top: 2px solid transparent; border-left: 6px solid #f4f4f4; border-bottom: 2px solid transparent; transform: translateX(16px) translateY(-4px) rotate(30deg);\"><\/div>\n<\/div>\n<div style=\"margin-left: auto;\">\n<div style=\"width: 0px; border-top: 8px solid #F4F4F4; border-right: 8px solid transparent; transform: translateY(16px);\"><\/div>\n<div style=\"background-color: #f4f4f4; flex-grow: 0; height: 12px; width: 16px; transform: translateY(-4px);\"><\/div>\n<div style=\"width: 0; height: 0; border-top: 8px solid #F4F4F4; border-left: 8px solid transparent; transform: translateY(-4px) translateX(8px);\"><\/div>\n<\/div>\n<\/div>\n<div style=\"display: flex; flex-direction: column; flex-grow: 1; justify-content: center; margin-bottom: 24px;\">\n<div style=\"background-color: #f4f4f4; border-radius: 4px; flex-grow: 0; height: 14px; margin-bottom: 6px; width: 224px;\"><\/div>\n<div style=\"background-color: #f4f4f4; border-radius: 4px; flex-grow: 0; height: 14px; width: 144px;\"><\/div>\n<\/div>\n<p style=\"color: #c9c8cd; font-family: Arial,sans-serif; font-size: 14px; line-height: 17px; margin-bottom: 0; margin-top: 8px; overflow: hidden; padding: 8px 0 7px; text-align: center; text-overflow: ellipsis; white-space: nowrap;\"><a style=\"color: #c9c8cd; font-family: Arial,sans-serif; font-size: 14px; font-style: normal; font-weight: normal; line-height: 17px; text-decoration: none;\" href=\"https:\/\/www.instagram.com\/reel\/DT24KjljQi7\/?utm_source=ig_embed&amp;utm_campaign=loading\" target=\"_blank\" rel=\"noopener\">Una publicaci\u00f3n compartida por Doce Uva Brasil (@doceuvabr)<\/a><\/p>\n<\/div>\n<\/blockquote>\n<p><script async src=\"\/\/www.instagram.com\/embed.js\"><\/script><\/p>\n<h2><strong>\ud83d\udd0e <\/strong>Informa\u00e7\u00f5es adicionais<\/h2>\n<ul>\n<li data-start=\"1528\" data-end=\"1540\">Sem gl\u00faten<\/li>\n<li data-start=\"1543\" data-end=\"1556\">Sem lactose<\/li>\n<li data-start=\"1559\" data-end=\"1567\">Vegana<\/li>\n<li data-start=\"1570\" data-end=\"1609\">Refrescante e ideal para dias quentes<\/li>\n<\/ul>\n<p data-start=\"1767\" data-end=\"1959\">Essas balas azedas de uva verde s\u00e3o vers\u00e1teis, f\u00e1ceis de preparar e cheias de personalidade. Funcionam tanto como um snack divertido quanto como ingrediente criativo para bebidas e sobremesas.<\/p>\n<p data-start=\"1961\" data-end=\"2137\">Para mais ideias refrescantes, receitas pr\u00e1ticas e inspira\u00e7\u00f5es com uvas, acompanhe o nosso blog e as redes sociais da <strong data-start=\"2079\" data-end=\"2093\">@<a href=\"https:\/\/www.instagram.com\/doceuvabr\/\">doceuvabr<\/a><\/strong>. Sempre tem novidade esperando por voc\u00ea \ud83c\udf47\u2728<\/p>\n","protected":false},"excerpt":{"rendered":"<p>Se voc\u00ea gosta de receitas simples, criativas e cheias de sabor, a bala azeda de uva verde vai conquistar voc\u00ea desde a primeira mordida. Refrescante, levemente \u00e1cida e com aquele toque adocicado na medida certa, essa receita \u00e9 daquelas ideias que surpreendem tanto pela facilidade de preparo quanto pelo resultado final. Al\u00e9m de deliciosa, \u00e9 [&hellip;]<\/p>\n","protected":false},"author":28,"featured_media":24541,"comment_status":"closed","ping_status":"closed","sticky":false,"template":"","format":"standard","meta":{"_acf_changed":false,"footnotes":""},"categories":[38,37],"tags":[],"class_list":["post-18889","post","type-post","status-publish","format-standard","has-post-thumbnail","hentry","category-receitas-com-uva","category-receitas"],"acf":[],"yoast_head":"<!-- This site is optimized with the Yoast SEO plugin v27.4 - https:\/\/yoast.com\/product\/yoast-seo-wordpress\/ -->\n<title>Bala azeda de uva verde: refrescante, divertida e irresist\u00edvel<\/title>\n<meta name=\"description\" content=\"Bala azeda de uva verde com lim\u00e3o: receita f\u00e1cil, refrescante e feita com uvas sem semente Doce Uva. Perfeita para dias quentes e festas.\" \/>\n<meta name=\"robots\" content=\"index, follow, max-snippet:-1, max-image-preview:large, max-video-preview:-1\" \/>\n<link rel=\"canonical\" href=\"https:\/\/www.elciruelo.com\/pt-br\/bala-azeda-de-uva-verde\/\" \/>\n<meta property=\"og:locale\" content=\"pt_BR\" \/>\n<meta property=\"og:type\" content=\"article\" \/>\n<meta property=\"og:title\" content=\"Bala azeda de uva verde: refrescante, divertida e irresist\u00edvel\" \/>\n<meta property=\"og:description\" content=\"Bala azeda de uva verde com lim\u00e3o: receita f\u00e1cil, refrescante e feita com uvas sem semente Doce Uva. Perfeita para dias quentes e festas.\" \/>\n<meta property=\"og:url\" content=\"https:\/\/www.elciruelo.com\/pt-br\/bala-azeda-de-uva-verde\/\" \/>\n<meta property=\"og:site_name\" content=\"El Ciruelo\" \/>\n<meta property=\"article:publisher\" content=\"https:\/\/es-es.facebook.com\/ElCirueloSL\/\" \/>\n<meta property=\"article:published_time\" content=\"2026-01-23T15:00:57+00:00\" \/>\n<meta property=\"article:modified_time\" content=\"2026-02-25T09:54:39+00:00\" \/>\n<meta property=\"og:image\" content=\"https:\/\/www.elciruelo.com\/wp-content\/uploads\/2026\/01\/Captura-de-pantalla-2026-02-25-105507-1.png\" \/>\n\t<meta property=\"og:image:width\" content=\"520\" \/>\n\t<meta property=\"og:image:height\" content=\"594\" \/>\n\t<meta property=\"og:image:type\" content=\"image\/png\" \/>\n<meta name=\"author\" content=\"comunicacion_elciruelo\" \/>\n<meta name=\"twitter:card\" content=\"summary_large_image\" \/>\n<meta name=\"twitter:label1\" content=\"Escrito por\" \/>\n\t<meta name=\"twitter:data1\" content=\"comunicacion_elciruelo\" \/>\n\t<meta name=\"twitter:label2\" content=\"Est. tempo de leitura\" \/>\n\t<meta name=\"twitter:data2\" content=\"2 minutos\" \/>\n<script type=\"application\/ld+json\" class=\"yoast-schema-graph\">{\"@context\":\"https:\\\/\\\/schema.org\",\"@graph\":[{\"@type\":\"Article\",\"@id\":\"https:\\\/\\\/www.elciruelo.com\\\/pt-br\\\/bala-azeda-de-uva-verde\\\/#article\",\"isPartOf\":{\"@id\":\"https:\\\/\\\/www.elciruelo.com\\\/pt-br\\\/bala-azeda-de-uva-verde\\\/\"},\"author\":{\"name\":\"comunicacion_elciruelo\",\"@id\":\"https:\\\/\\\/www.elciruelo.com\\\/pt-br\\\/#\\\/schema\\\/person\\\/1fd1c03b7551a2d76c8e9ada5da3df46\"},\"headline\":\"Bala azeda de uva verde: refrescante, divertida e irresist\u00edvel\",\"datePublished\":\"2026-01-23T15:00:57+00:00\",\"dateModified\":\"2026-02-25T09:54:39+00:00\",\"mainEntityOfPage\":{\"@id\":\"https:\\\/\\\/www.elciruelo.com\\\/pt-br\\\/bala-azeda-de-uva-verde\\\/\"},\"wordCount\":376,\"publisher\":{\"@id\":\"https:\\\/\\\/www.elciruelo.com\\\/pt-br\\\/#organization\"},\"image\":{\"@id\":\"https:\\\/\\\/www.elciruelo.com\\\/pt-br\\\/bala-azeda-de-uva-verde\\\/#primaryimage\"},\"thumbnailUrl\":\"https:\\\/\\\/www.elciruelo.com\\\/wp-content\\\/uploads\\\/2026\\\/01\\\/Captura-de-pantalla-2026-02-25-105507-1.png\",\"articleSection\":[\"Receitas com uva\",\"Receitas de fruta\"],\"inLanguage\":\"pt-BR\"},{\"@type\":\"WebPage\",\"@id\":\"https:\\\/\\\/www.elciruelo.com\\\/pt-br\\\/bala-azeda-de-uva-verde\\\/\",\"url\":\"https:\\\/\\\/www.elciruelo.com\\\/pt-br\\\/bala-azeda-de-uva-verde\\\/\",\"name\":\"Bala azeda de uva verde: refrescante, divertida e irresist\u00edvel\",\"isPartOf\":{\"@id\":\"https:\\\/\\\/www.elciruelo.com\\\/pt-br\\\/#website\"},\"primaryImageOfPage\":{\"@id\":\"https:\\\/\\\/www.elciruelo.com\\\/pt-br\\\/bala-azeda-de-uva-verde\\\/#primaryimage\"},\"image\":{\"@id\":\"https:\\\/\\\/www.elciruelo.com\\\/pt-br\\\/bala-azeda-de-uva-verde\\\/#primaryimage\"},\"thumbnailUrl\":\"https:\\\/\\\/www.elciruelo.com\\\/wp-content\\\/uploads\\\/2026\\\/01\\\/Captura-de-pantalla-2026-02-25-105507-1.png\",\"datePublished\":\"2026-01-23T15:00:57+00:00\",\"dateModified\":\"2026-02-25T09:54:39+00:00\",\"description\":\"Bala azeda de uva verde com lim\u00e3o: receita f\u00e1cil, refrescante e feita com uvas sem semente Doce Uva. Perfeita para dias quentes e festas.\",\"breadcrumb\":{\"@id\":\"https:\\\/\\\/www.elciruelo.com\\\/pt-br\\\/bala-azeda-de-uva-verde\\\/#breadcrumb\"},\"inLanguage\":\"pt-BR\",\"potentialAction\":[{\"@type\":\"ReadAction\",\"target\":[\"https:\\\/\\\/www.elciruelo.com\\\/pt-br\\\/bala-azeda-de-uva-verde\\\/\"]}]},{\"@type\":\"ImageObject\",\"inLanguage\":\"pt-BR\",\"@id\":\"https:\\\/\\\/www.elciruelo.com\\\/pt-br\\\/bala-azeda-de-uva-verde\\\/#primaryimage\",\"url\":\"https:\\\/\\\/www.elciruelo.com\\\/wp-content\\\/uploads\\\/2026\\\/01\\\/Captura-de-pantalla-2026-02-25-105507-1.png\",\"contentUrl\":\"https:\\\/\\\/www.elciruelo.com\\\/wp-content\\\/uploads\\\/2026\\\/01\\\/Captura-de-pantalla-2026-02-25-105507-1.png\",\"width\":520,\"height\":594,\"caption\":\"Bala azeda de uva verde\"},{\"@type\":\"BreadcrumbList\",\"@id\":\"https:\\\/\\\/www.elciruelo.com\\\/pt-br\\\/bala-azeda-de-uva-verde\\\/#breadcrumb\",\"itemListElement\":[{\"@type\":\"ListItem\",\"position\":1,\"name\":\"Home\",\"item\":\"https:\\\/\\\/www.elciruelo.com\\\/pt-br\\\/\"},{\"@type\":\"ListItem\",\"position\":2,\"name\":\"Bala azeda de uva verde: refrescante, divertida e irresist\u00edvel\"}]},{\"@type\":\"WebSite\",\"@id\":\"https:\\\/\\\/www.elciruelo.com\\\/pt-br\\\/#website\",\"url\":\"https:\\\/\\\/www.elciruelo.com\\\/pt-br\\\/\",\"name\":\"El Ciruelo\",\"description\":\"Productores de Uva de Mesa y Fruta de Hueso  \",\"publisher\":{\"@id\":\"https:\\\/\\\/www.elciruelo.com\\\/pt-br\\\/#organization\"},\"alternateName\":\"Ciruelo\",\"potentialAction\":[{\"@type\":\"SearchAction\",\"target\":{\"@type\":\"EntryPoint\",\"urlTemplate\":\"https:\\\/\\\/www.elciruelo.com\\\/pt-br\\\/?s={search_term_string}\"},\"query-input\":{\"@type\":\"PropertyValueSpecification\",\"valueRequired\":true,\"valueName\":\"search_term_string\"}}],\"inLanguage\":\"pt-BR\"},{\"@type\":\"Organization\",\"@id\":\"https:\\\/\\\/www.elciruelo.com\\\/pt-br\\\/#organization\",\"name\":\"El Ciruelo\",\"alternateName\":\"Grupo El Ciruelo\",\"url\":\"https:\\\/\\\/www.elciruelo.com\\\/pt-br\\\/\",\"logo\":{\"@type\":\"ImageObject\",\"inLanguage\":\"pt-BR\",\"@id\":\"https:\\\/\\\/www.elciruelo.com\\\/pt-br\\\/#\\\/schema\\\/logo\\\/image\\\/\",\"url\":\"https:\\\/\\\/www.elciruelo.com\\\/wp-content\\\/uploads\\\/2021\\\/09\\\/el-ciruelo-logo.png\",\"contentUrl\":\"https:\\\/\\\/www.elciruelo.com\\\/wp-content\\\/uploads\\\/2021\\\/09\\\/el-ciruelo-logo.png\",\"width\":636,\"height\":174,\"caption\":\"El Ciruelo\"},\"image\":{\"@id\":\"https:\\\/\\\/www.elciruelo.com\\\/pt-br\\\/#\\\/schema\\\/logo\\\/image\\\/\"},\"sameAs\":[\"https:\\\/\\\/es-es.facebook.com\\\/ElCirueloSL\\\/\",\"https:\\\/\\\/www.instagram.com\\\/elciruelofruits\\\/\",\"https:\\\/\\\/www.tiktok.com\\\/@elciruelofruits\",\"https:\\\/\\\/es.linkedin.com\\\/company\\\/grupoelciruelo\"]},{\"@type\":\"Person\",\"@id\":\"https:\\\/\\\/www.elciruelo.com\\\/pt-br\\\/#\\\/schema\\\/person\\\/1fd1c03b7551a2d76c8e9ada5da3df46\",\"name\":\"comunicacion_elciruelo\",\"image\":{\"@type\":\"ImageObject\",\"inLanguage\":\"pt-BR\",\"@id\":\"https:\\\/\\\/secure.gravatar.com\\\/avatar\\\/38455aa28773382b217f7f58f0c7aad10f497083c594869fd416cff8e64367ab?s=96&d=mm&r=g\",\"url\":\"https:\\\/\\\/secure.gravatar.com\\\/avatar\\\/38455aa28773382b217f7f58f0c7aad10f497083c594869fd416cff8e64367ab?s=96&d=mm&r=g\",\"contentUrl\":\"https:\\\/\\\/secure.gravatar.com\\\/avatar\\\/38455aa28773382b217f7f58f0c7aad10f497083c594869fd416cff8e64367ab?s=96&d=mm&r=g\",\"caption\":\"comunicacion_elciruelo\"}}]}<\/script>\n<!-- \/ Yoast SEO plugin. -->","yoast_head_json":{"title":"Bala azeda de uva verde: refrescante, divertida e irresist\u00edvel","description":"Bala azeda de uva verde com lim\u00e3o: receita f\u00e1cil, refrescante e feita com uvas sem semente Doce Uva. Perfeita para dias quentes e festas.","robots":{"index":"index","follow":"follow","max-snippet":"max-snippet:-1","max-image-preview":"max-image-preview:large","max-video-preview":"max-video-preview:-1"},"canonical":"https:\/\/www.elciruelo.com\/pt-br\/bala-azeda-de-uva-verde\/","og_locale":"pt_BR","og_type":"article","og_title":"Bala azeda de uva verde: refrescante, divertida e irresist\u00edvel","og_description":"Bala azeda de uva verde com lim\u00e3o: receita f\u00e1cil, refrescante e feita com uvas sem semente Doce Uva. Perfeita para dias quentes e festas.","og_url":"https:\/\/www.elciruelo.com\/pt-br\/bala-azeda-de-uva-verde\/","og_site_name":"El Ciruelo","article_publisher":"https:\/\/es-es.facebook.com\/ElCirueloSL\/","article_published_time":"2026-01-23T15:00:57+00:00","article_modified_time":"2026-02-25T09:54:39+00:00","og_image":[{"width":520,"height":594,"url":"https:\/\/www.elciruelo.com\/wp-content\/uploads\/2026\/01\/Captura-de-pantalla-2026-02-25-105507-1.png","type":"image\/png"}],"author":"comunicacion_elciruelo","twitter_card":"summary_large_image","twitter_misc":{"Escrito por":"comunicacion_elciruelo","Est. tempo de leitura":"2 minutos"},"schema":{"@context":"https:\/\/schema.org","@graph":[{"@type":"Article","@id":"https:\/\/www.elciruelo.com\/pt-br\/bala-azeda-de-uva-verde\/#article","isPartOf":{"@id":"https:\/\/www.elciruelo.com\/pt-br\/bala-azeda-de-uva-verde\/"},"author":{"name":"comunicacion_elciruelo","@id":"https:\/\/www.elciruelo.com\/pt-br\/#\/schema\/person\/1fd1c03b7551a2d76c8e9ada5da3df46"},"headline":"Bala azeda de uva verde: refrescante, divertida e irresist\u00edvel","datePublished":"2026-01-23T15:00:57+00:00","dateModified":"2026-02-25T09:54:39+00:00","mainEntityOfPage":{"@id":"https:\/\/www.elciruelo.com\/pt-br\/bala-azeda-de-uva-verde\/"},"wordCount":376,"publisher":{"@id":"https:\/\/www.elciruelo.com\/pt-br\/#organization"},"image":{"@id":"https:\/\/www.elciruelo.com\/pt-br\/bala-azeda-de-uva-verde\/#primaryimage"},"thumbnailUrl":"https:\/\/www.elciruelo.com\/wp-content\/uploads\/2026\/01\/Captura-de-pantalla-2026-02-25-105507-1.png","articleSection":["Receitas com uva","Receitas de fruta"],"inLanguage":"pt-BR"},{"@type":"WebPage","@id":"https:\/\/www.elciruelo.com\/pt-br\/bala-azeda-de-uva-verde\/","url":"https:\/\/www.elciruelo.com\/pt-br\/bala-azeda-de-uva-verde\/","name":"Bala azeda de uva verde: refrescante, divertida e irresist\u00edvel","isPartOf":{"@id":"https:\/\/www.elciruelo.com\/pt-br\/#website"},"primaryImageOfPage":{"@id":"https:\/\/www.elciruelo.com\/pt-br\/bala-azeda-de-uva-verde\/#primaryimage"},"image":{"@id":"https:\/\/www.elciruelo.com\/pt-br\/bala-azeda-de-uva-verde\/#primaryimage"},"thumbnailUrl":"https:\/\/www.elciruelo.com\/wp-content\/uploads\/2026\/01\/Captura-de-pantalla-2026-02-25-105507-1.png","datePublished":"2026-01-23T15:00:57+00:00","dateModified":"2026-02-25T09:54:39+00:00","description":"Bala azeda de uva verde com lim\u00e3o: receita f\u00e1cil, refrescante e feita com uvas sem semente Doce Uva. Perfeita para dias quentes e festas.","breadcrumb":{"@id":"https:\/\/www.elciruelo.com\/pt-br\/bala-azeda-de-uva-verde\/#breadcrumb"},"inLanguage":"pt-BR","potentialAction":[{"@type":"ReadAction","target":["https:\/\/www.elciruelo.com\/pt-br\/bala-azeda-de-uva-verde\/"]}]},{"@type":"ImageObject","inLanguage":"pt-BR","@id":"https:\/\/www.elciruelo.com\/pt-br\/bala-azeda-de-uva-verde\/#primaryimage","url":"https:\/\/www.elciruelo.com\/wp-content\/uploads\/2026\/01\/Captura-de-pantalla-2026-02-25-105507-1.png","contentUrl":"https:\/\/www.elciruelo.com\/wp-content\/uploads\/2026\/01\/Captura-de-pantalla-2026-02-25-105507-1.png","width":520,"height":594,"caption":"Bala azeda de uva verde"},{"@type":"BreadcrumbList","@id":"https:\/\/www.elciruelo.com\/pt-br\/bala-azeda-de-uva-verde\/#breadcrumb","itemListElement":[{"@type":"ListItem","position":1,"name":"Home","item":"https:\/\/www.elciruelo.com\/pt-br\/"},{"@type":"ListItem","position":2,"name":"Bala azeda de uva verde: refrescante, divertida e irresist\u00edvel"}]},{"@type":"WebSite","@id":"https:\/\/www.elciruelo.com\/pt-br\/#website","url":"https:\/\/www.elciruelo.com\/pt-br\/","name":"El Ciruelo","description":"Productores de Uva de Mesa y Fruta de Hueso  ","publisher":{"@id":"https:\/\/www.elciruelo.com\/pt-br\/#organization"},"alternateName":"Ciruelo","potentialAction":[{"@type":"SearchAction","target":{"@type":"EntryPoint","urlTemplate":"https:\/\/www.elciruelo.com\/pt-br\/?s={search_term_string}"},"query-input":{"@type":"PropertyValueSpecification","valueRequired":true,"valueName":"search_term_string"}}],"inLanguage":"pt-BR"},{"@type":"Organization","@id":"https:\/\/www.elciruelo.com\/pt-br\/#organization","name":"El Ciruelo","alternateName":"Grupo El Ciruelo","url":"https:\/\/www.elciruelo.com\/pt-br\/","logo":{"@type":"ImageObject","inLanguage":"pt-BR","@id":"https:\/\/www.elciruelo.com\/pt-br\/#\/schema\/logo\/image\/","url":"https:\/\/www.elciruelo.com\/wp-content\/uploads\/2021\/09\/el-ciruelo-logo.png","contentUrl":"https:\/\/www.elciruelo.com\/wp-content\/uploads\/2021\/09\/el-ciruelo-logo.png","width":636,"height":174,"caption":"El Ciruelo"},"image":{"@id":"https:\/\/www.elciruelo.com\/pt-br\/#\/schema\/logo\/image\/"},"sameAs":["https:\/\/es-es.facebook.com\/ElCirueloSL\/","https:\/\/www.instagram.com\/elciruelofruits\/","https:\/\/www.tiktok.com\/@elciruelofruits","https:\/\/es.linkedin.com\/company\/grupoelciruelo"]},{"@type":"Person","@id":"https:\/\/www.elciruelo.com\/pt-br\/#\/schema\/person\/1fd1c03b7551a2d76c8e9ada5da3df46","name":"comunicacion_elciruelo","image":{"@type":"ImageObject","inLanguage":"pt-BR","@id":"https:\/\/secure.gravatar.com\/avatar\/38455aa28773382b217f7f58f0c7aad10f497083c594869fd416cff8e64367ab?s=96&d=mm&r=g","url":"https:\/\/secure.gravatar.com\/avatar\/38455aa28773382b217f7f58f0c7aad10f497083c594869fd416cff8e64367ab?s=96&d=mm&r=g","contentUrl":"https:\/\/secure.gravatar.com\/avatar\/38455aa28773382b217f7f58f0c7aad10f497083c594869fd416cff8e64367ab?s=96&d=mm&r=g","caption":"comunicacion_elciruelo"}}]}},"_links":{"self":[{"href":"https:\/\/www.elciruelo.com\/pt-br\/wp-json\/wp\/v2\/posts\/18889","targetHints":{"allow":["GET"]}}],"collection":[{"href":"https:\/\/www.elciruelo.com\/pt-br\/wp-json\/wp\/v2\/posts"}],"about":[{"href":"https:\/\/www.elciruelo.com\/pt-br\/wp-json\/wp\/v2\/types\/post"}],"author":[{"embeddable":true,"href":"https:\/\/www.elciruelo.com\/pt-br\/wp-json\/wp\/v2\/users\/28"}],"replies":[{"embeddable":true,"href":"https:\/\/www.elciruelo.com\/pt-br\/wp-json\/wp\/v2\/comments?post=18889"}],"version-history":[{"count":5,"href":"https:\/\/www.elciruelo.com\/pt-br\/wp-json\/wp\/v2\/posts\/18889\/revisions"}],"predecessor-version":[{"id":22549,"href":"https:\/\/www.elciruelo.com\/pt-br\/wp-json\/wp\/v2\/posts\/18889\/revisions\/22549"}],"wp:featuredmedia":[{"embeddable":true,"href":"https:\/\/www.elciruelo.com\/pt-br\/wp-json\/wp\/v2\/media\/24541"}],"wp:attachment":[{"href":"https:\/\/www.elciruelo.com\/pt-br\/wp-json\/wp\/v2\/media?parent=18889"}],"wp:term":[{"taxonomy":"category","embeddable":true,"href":"https:\/\/www.elciruelo.com\/pt-br\/wp-json\/wp\/v2\/categories?post=18889"},{"taxonomy":"post_tag","embeddable":true,"href":"https:\/\/www.elciruelo.com\/pt-br\/wp-json\/wp\/v2\/tags?post=18889"}],"curies":[{"name":"wp","href":"https:\/\/api.w.org\/{rel}","templated":true}]}}