{"id":25266,"date":"2026-03-11T13:00:00","date_gmt":"2026-03-11T12:00:00","guid":{"rendered":"https:\/\/www.elciruelo.com\/?p=25266"},"modified":"2026-03-10T08:37:54","modified_gmt":"2026-03-10T07:37:54","slug":"uvas-vermelhas-beneficios-tipos-como-consumir","status":"publish","type":"post","link":"https:\/\/www.elciruelo.com\/pt-br\/uvas-vermelhas-beneficios-tipos-como-consumir\/","title":{"rendered":"Uvas vermelhas: origem, benef\u00edcios reais e tudo o que n\u00e3o te contaram"},"content":{"rendered":"\n<p>Quem nunca ficou com \u00e1gua na boca ao ver <a href=\"https:\/\/www.elciruelo.com\/pt-br\/producto\/uva-vermelha\/\">uvas vermelhas<\/a> suculentas em uma cena de filme de \u00e9poca ou piquenique? Esses frutos s\u00e3o inegavelmente atraentes e abrem o apetite imediatamente.<\/p>\n\n\n\n<p>Al\u00e9m do apelo visual, as uvas s\u00e3o tesouros nutricionais: ricas em resveratrol (antioxidante poderoso), vitaminas C e K, fibras e 80% de \u00e1gua para hidrata\u00e7\u00e3o natural.<\/p>\n\n\n\n<p>Ficou curioso para saber mais sobre as diferen\u00e7as das cores das uvas e sua origem? Continue a leitura e descubra como as <a href=\"https:\/\/www.elciruelo.com\/pt-br\/uvas-brancas-vermelhas-e-pretas-guia-completo-de-tipos\/\">uvas vermelhas<\/a>, roxas ou verdes influenciam benef\u00edcios espec\u00edficos.<\/p>\n\n\n\n<h2 class=\"wp-block-heading\">Origem das uvas vermelhas<\/h2>\n\n\n\n<p>O cultivo de uvas \u00e9 considerado uma das atividades relacionadas \u00e0 produ\u00e7\u00e3o de frutos mais antigas realizadas pelo ser humano Sua <a href=\"https:\/\/www.elciruelo.com\/pt-br\/historia-e-origem-da-uva\/\" type=\"link\" id=\"https:\/\/www.elciruelo.com\/pt-br\/historia-e-origem-da-uva\/\">hist\u00f3ria <\/a>remonta a mais de 8 mil anos, com os primeiros registros no C\u00e1ucaso, entre a atual Ge\u00f3rgia e o Ir\u00e3.<\/p>\n\n\n\n<p>Das civiliza\u00e7\u00f5es gregas e romanas aos vinhedos medievais da Europa, ele sempre teve um papel especial na cultura, na medicina e na culin\u00e1ria ao redor do mundo.<\/p>\n\n\n\n<p>Imagine: gregos e romanos j\u00e1 celebravam festas com uvas frescas e vinhos, enquanto monges medievais as plantavam em mosteiros para rituais e rem\u00e9dios naturais. Com o tempo, o cultivo se espalhou por todos os continentes.<\/p>\n\n\n\n<p>Hoje, pa\u00edses l\u00edderes como It\u00e1lia, Fran\u00e7a, Espanha, Estados Unidos, Chile e Brasil dominam a produ\u00e7\u00e3o global.<\/p>\n\n\n\n<h2 class=\"wp-block-heading\">Tipos de uvas vermelhas<\/h2>\n\n\n\n<p>Existem centenas de variedades de uvas vermelhas no mundo, mas algumas se destacam pela popularidade e uso.<\/p>\n\n\n\n<ul class=\"wp-block-list\">\n<li>Cabernet Sauvignon: \u00e9 uma das mais plantadas globalmente, reconhecida pelo sabor encorpado e pela presen\u00e7a marcante em vinhos tintos.\u00a0<\/li>\n\n\n\n<li>\u00a0Merlot: tem sabor mais suave e frutado, sendo muito apreciada tanto para consumo in natura quanto para vinifica\u00e7\u00e3o.<\/li>\n\n\n\n<li>Isabel I: \u00e9 uma das variedades mais comuns no Brasil, usada principalmente na produ\u00e7\u00e3o de sucos e vinhos de mesa.\u00a0<\/li>\n\n\n\n<li>J\u00e1 a Ni\u00e1gara Rosada e a BRS Vit\u00f3ria s\u00e3o muito consumidas frescas, com sabor adocicado e polpa suculenta.\u00a0<\/li>\n\n\n\n<li>Crimson:de cor vermelho-rosada vibrante, destaca-se pelo sabor adocicado equilibrado, bagos grandes e suculentos.<\/li>\n<\/ul>\n\n\n\n<p><\/p>\n\n\n\n<h2 class=\"wp-block-heading\">Valor nutricional das uvas vermelhas<\/h2>\n\n\n\n<p>As uvas vermelhas s\u00e3o pequenas em tamanho, mas expressivas em nutrientes, oferecendo em 100g da fruta cerca de 69 kcal, 18g de carboidratos, 0,9g de prote\u00edna, al\u00e9m de fibras, vitaminas C e K, pot\u00e1ssio e mangan\u00eas.<\/p>\n\n\n\n<p>O foco est\u00e1 nos compostos bioativos como <strong>resveratrol, antocianinas e flavonoides<\/strong>, respons\u00e1veis pela cor vibrante da casca\u00a0e que promovem benef\u00edcios como:<\/p>\n\n\n\n<ul class=\"wp-block-list\">\n<li>prote\u00e7\u00e3o cardiovascular<\/li>\n\n\n\n<li>combate ao envelhecimento celular<\/li>\n\n\n\n<li>fortalecimento do sistema imunol\u00f3gico<\/li>\n<\/ul>\n\n\n\n<p><\/p>\n\n\n\n<p>Esses antioxidantes presentes nas uvas vermelhas atuam de forma sin\u00e9rgica, promovendo sa\u00fade geral ao reduzir o estresse oxidativo e apoiar fun\u00e7\u00f5es vitais do organismo com consumo regular.<\/p>\n\n\n\n<h2 class=\"wp-block-heading\">Uvas vermelhas emagrecem?<\/h2>\n\n\n\n<p>As uvas vermelhas n\u00e3o s\u00e3o termog\u00eanicas nem t\u00eam a\u00e7\u00e3o direta sobre a queima de gordura, mas contribuem para o emagrecimento quando inseridas em uma alimenta\u00e7\u00e3o equilibrada.<\/p>\n\n\n\n<p>Seu alto teor de \u00e1gua e fibras promove saciedade, reduzindo a vontade de beliscar entre refei\u00e7\u00f5es.<\/p>\n\n\n\n<p>Al\u00e9m disso, substituem com efici\u00eancia doces e snacks industrializados, cortando calorias vazias da dieta. O consumo moderado, em torno de <strong>150 g por dia<\/strong>, \u00e9 o ponto de equil\u00edbrio entre aproveitar os benef\u00edcios e n\u00e3o exagerar nos a\u00e7\u00facares naturais.<\/p>\n\n\n\n<h3 class=\"wp-block-heading\">Como consumir uvas vermelhas<\/h3>\n\n\n\n<h4 class=\"wp-block-heading\">In natura<\/h4>\n\n\n\n<p>A forma mais simples e completa de consumir uvas vermelhas \u00e9 fresca, com casca e semente.<\/p>\n\n\n\n<p>A casca concentra grande parte dos antioxidantes, especialmente o resveratrol, e as sementes s\u00e3o ricas em proantocianidinas, compostos com a\u00e7\u00e3o anti-inflamat\u00f3ria.<\/p>\n\n\n\n<p>Basta <a href=\"https:\/\/www.elciruelo.com\/pt-br\/higienizacao-das-uvas-3-formas-simples-e-eficazes-de-fazer\/\" type=\"link\" id=\"https:\/\/www.elciruelo.com\/pt-br\/higienizacao-das-uvas-3-formas-simples-e-eficazes-de-fazer\/\">higienizar bem os cachos<\/a> em \u00e1gua corrente e deixar de molho em solu\u00e7\u00e3o de bicarbonato por alguns minutos antes de consumir.<\/p>\n\n\n\n<h4 class=\"wp-block-heading\">Suco de uva<\/h4>\n\n\n\n<p>O suco de uva integral, preferencialmente sem adi\u00e7\u00e3o de a\u00e7\u00facar, preserva boa parte dos polifen\u00f3is da fruta.<\/p>\n\n\n\n<p>\u00c9 uma op\u00e7\u00e3o pr\u00e1tica para quem n\u00e3o aprecia a textura da uva in natura ou busca uma bebida nutritiva no caf\u00e9 da manh\u00e3. O ideal \u00e9 optar por sucos feitos na hora ou vers\u00f5es <strong>100% integrais<\/strong>, evitando n\u00e9ctares e sucos concentrados com adi\u00e7\u00e3o de a\u00e7\u00facar.<\/p>\n\n\n\n<h4 class=\"wp-block-heading\">Em receitas<\/h4>\n\n\n\n<p>As uvas vermelhas s\u00e3o vers\u00e1teis na cozinha e combinam tanto com pratos doces quanto salgados. Podem ser usadas em <a href=\"https:\/\/www.elciruelo.com\/pt-br\/salada-camaroes-uva-verde\/\" type=\"link\" id=\"https:\/\/www.elciruelo.com\/pt-br\/salada-camaroes-uva-verde\/\">saladas com folhas e queijos<\/a>, em molhos para carnes, em geleias artesanais, em sobremesas com iogurte e granola ou assadas com mel e especiarias.\u00a0<\/p>\n\n\n\n<p>O calor reduz parte dos antioxidantes, mas mant\u00e9m o sabor e os minerais da fruta.<br><\/p>\n\n\n\n<h4 class=\"wp-block-heading\">Vinho tinto<\/h4>\n\n\n\n<p>O vinho tinto \u00e9 um dos produtos mais estudados derivados da uva vermelha. Em consumo moderado <strong>uma ta\u00e7a por dia para mulheres e at\u00e9 duas para homens<\/strong> est\u00e1 associado a benef\u00edcios cardiovasculares, principalmente pelo resveratrol presente na casca da uva.<\/p>\n\n\n\n<p>No entanto, \u00e9 importante lembrar que o consumo excessivo de \u00e1lcool traz riscos \u00e0 sa\u00fade, sobretudo uma sobrecarga do sistema hep\u00e1tico.<br><\/p>\n\n\n\n<h3 class=\"wp-block-heading\">Curiosidades sobre a uva<\/h3>\n\n\n\n<ul class=\"wp-block-list\">\n<li>A uva \u00e9 uma das frutas mais antigas cultivadas pelo ser humano, com registros de produ\u00e7\u00e3o de mais de <strong>8 mil anos<\/strong>.<\/li>\n\n\n\n<li>O Brasil \u00e9 o <strong>14\u00ba maior produtor mundial de uvas<\/strong>, com destaque para o Vale do S\u00e3o Francisco e a Serra Ga\u00facha.<\/li>\n\n\n\n<li>A cor da uva (verde, vermelha ou roxa) n\u00e3o define o sabor, mas indica a concentra\u00e7\u00e3o de <strong>antocianinas<\/strong>.<\/li>\n\n\n\n<li>Uvas congeladas mant\u00eam boa parte dos nutrientes e s\u00e3o uma alternativa refrescante para o ver\u00e3o.<\/li>\n\n\n\n<li>A pel\u00edcula da semente da uva \u00e9 utilizada na ind\u00fastria cosm\u00e9tica e farmac\u00eautica pelo alto teor de <strong>proantocianidinas<\/strong>.<\/li>\n<\/ul>\n\n\n\n<h3 class=\"wp-block-heading\">Dicas pr\u00e1ticas de consumo de uvas vermelhas<\/h3>\n\n\n\n<ul class=\"wp-block-list\">\n<li><strong>Prefira com casca:<\/strong> a maior concentra\u00e7\u00e3o de antioxidantes est\u00e1 na casca, n\u00e3o na polpa.<\/li>\n\n\n\n<li><strong>Higienize corretamente:<\/strong> deixe os cachos de molho em \u00e1gua com hipoclorito de s\u00f3dio por 15 minutos\u00a0antes de consumir.<\/li>\n\n\n\n<li><strong>Controle a por\u00e7\u00e3o:<\/strong> 15 a 20 bagos equivalem a uma por\u00e7\u00e3o equilibrada para o lanche.<\/li>\n\n\n\n<li><strong>Combine com prote\u00ednas:<\/strong> uvas com queijo, iogurte ou castanhas reduzem o \u00edndice glic\u00eamico da refei\u00e7\u00e3o.<\/li>\n\n\n\n<li><strong>Evite sucos industrializados:<\/strong> prefira sempre o suco feito na hora ou o integral sem adi\u00e7\u00e3o de a\u00e7\u00facar.<\/li>\n\n\n\n<li><strong>Armazene corretamente:<\/strong> mantenha os cachos na geladeira, sem lavar, e higienize apenas na hora de consumir para preservar a durabilidade.<\/li>\n<\/ul>\n\n\n\n<p><\/p>\n","protected":false},"excerpt":{"rendered":"<p>Quem nunca ficou com \u00e1gua na boca ao ver uvas vermelhas suculentas em uma cena de filme de \u00e9poca ou piquenique? Esses frutos s\u00e3o inegavelmente atraentes e abrem o apetite imediatamente. Al\u00e9m do apelo visual, as uvas s\u00e3o tesouros nutricionais: ricas em resveratrol (antioxidante poderoso), vitaminas C e K, fibras e 80% de \u00e1gua para [&hellip;]<\/p>\n","protected":false},"author":28,"featured_media":25332,"comment_status":"closed","ping_status":"closed","sticky":false,"template":"","format":"standard","meta":{"_acf_changed":false,"footnotes":""},"categories":[36],"tags":[],"class_list":["post-25266","post","type-post","status-publish","format-standard","has-post-thumbnail","hentry","category-saude-e-nutricao"],"acf":[],"yoast_head":"<!-- This site is optimized with the Yoast SEO plugin v27.4 - https:\/\/yoast.com\/product\/yoast-seo-wordpress\/ -->\n<title>Uvas vermelhas: benef\u00edcios, tipos e como consumir<\/title>\n<meta name=\"description\" content=\"Conhe\u00e7a os benef\u00edcios das uvas vermelhas, suas principais variedades, valores nutricionais e dicas pr\u00e1ticas de consumo para inclu\u00ed-las no dia a dia.\" \/>\n<meta name=\"robots\" content=\"index, follow, max-snippet:-1, max-image-preview:large, max-video-preview:-1\" \/>\n<link rel=\"canonical\" href=\"https:\/\/www.elciruelo.com\/pt-br\/uvas-vermelhas-beneficios-tipos-como-consumir\/\" \/>\n<meta property=\"og:locale\" content=\"pt_BR\" \/>\n<meta property=\"og:type\" content=\"article\" \/>\n<meta property=\"og:title\" content=\"Uvas vermelhas: benef\u00edcios, tipos e como consumir\" \/>\n<meta property=\"og:description\" content=\"Conhe\u00e7a os benef\u00edcios das uvas vermelhas, suas principais variedades, valores nutricionais e dicas pr\u00e1ticas de consumo para inclu\u00ed-las no dia a dia.\" \/>\n<meta property=\"og:url\" content=\"https:\/\/www.elciruelo.com\/pt-br\/uvas-vermelhas-beneficios-tipos-como-consumir\/\" \/>\n<meta property=\"og:site_name\" content=\"El Ciruelo\" \/>\n<meta property=\"article:publisher\" content=\"https:\/\/es-es.facebook.com\/ElCirueloSL\/\" \/>\n<meta property=\"article:published_time\" content=\"2026-03-11T12:00:00+00:00\" \/>\n<meta property=\"og:image\" content=\"https:\/\/www.elciruelo.com\/wp-content\/uploads\/2026\/03\/Uvas-vermelhas-1-scaled.jpg\" \/>\n\t<meta property=\"og:image:width\" content=\"2560\" \/>\n\t<meta property=\"og:image:height\" content=\"2560\" \/>\n\t<meta property=\"og:image:type\" content=\"image\/jpeg\" \/>\n<meta name=\"author\" content=\"comunicacion_elciruelo\" \/>\n<meta name=\"twitter:card\" content=\"summary_large_image\" \/>\n<meta name=\"twitter:label1\" content=\"Escrito por\" \/>\n\t<meta name=\"twitter:data1\" content=\"comunicacion_elciruelo\" \/>\n\t<meta name=\"twitter:label2\" content=\"Est. tempo de leitura\" \/>\n\t<meta name=\"twitter:data2\" content=\"5 minutos\" \/>\n<script type=\"application\/ld+json\" class=\"yoast-schema-graph\">{\"@context\":\"https:\\\/\\\/schema.org\",\"@graph\":[{\"@type\":\"Article\",\"@id\":\"https:\\\/\\\/www.elciruelo.com\\\/pt-br\\\/uvas-vermelhas-beneficios-tipos-como-consumir\\\/#article\",\"isPartOf\":{\"@id\":\"https:\\\/\\\/www.elciruelo.com\\\/pt-br\\\/uvas-vermelhas-beneficios-tipos-como-consumir\\\/\"},\"author\":{\"name\":\"comunicacion_elciruelo\",\"@id\":\"https:\\\/\\\/www.elciruelo.com\\\/pt-br\\\/#\\\/schema\\\/person\\\/1fd1c03b7551a2d76c8e9ada5da3df46\"},\"headline\":\"Uvas vermelhas: origem, benef\u00edcios reais e tudo o que n\u00e3o te contaram\",\"datePublished\":\"2026-03-11T12:00:00+00:00\",\"mainEntityOfPage\":{\"@id\":\"https:\\\/\\\/www.elciruelo.com\\\/pt-br\\\/uvas-vermelhas-beneficios-tipos-como-consumir\\\/\"},\"wordCount\":1048,\"publisher\":{\"@id\":\"https:\\\/\\\/www.elciruelo.com\\\/pt-br\\\/#organization\"},\"image\":{\"@id\":\"https:\\\/\\\/www.elciruelo.com\\\/pt-br\\\/uvas-vermelhas-beneficios-tipos-como-consumir\\\/#primaryimage\"},\"thumbnailUrl\":\"https:\\\/\\\/www.elciruelo.com\\\/wp-content\\\/uploads\\\/2026\\\/03\\\/Uvas-vermelhas-1-scaled.jpg\",\"articleSection\":[\"Sa\u00fade e nutri\u00e7\u00e3o\"],\"inLanguage\":\"pt-BR\"},{\"@type\":\"WebPage\",\"@id\":\"https:\\\/\\\/www.elciruelo.com\\\/pt-br\\\/uvas-vermelhas-beneficios-tipos-como-consumir\\\/\",\"url\":\"https:\\\/\\\/www.elciruelo.com\\\/pt-br\\\/uvas-vermelhas-beneficios-tipos-como-consumir\\\/\",\"name\":\"Uvas vermelhas: benef\u00edcios, tipos e como consumir\",\"isPartOf\":{\"@id\":\"https:\\\/\\\/www.elciruelo.com\\\/pt-br\\\/#website\"},\"primaryImageOfPage\":{\"@id\":\"https:\\\/\\\/www.elciruelo.com\\\/pt-br\\\/uvas-vermelhas-beneficios-tipos-como-consumir\\\/#primaryimage\"},\"image\":{\"@id\":\"https:\\\/\\\/www.elciruelo.com\\\/pt-br\\\/uvas-vermelhas-beneficios-tipos-como-consumir\\\/#primaryimage\"},\"thumbnailUrl\":\"https:\\\/\\\/www.elciruelo.com\\\/wp-content\\\/uploads\\\/2026\\\/03\\\/Uvas-vermelhas-1-scaled.jpg\",\"datePublished\":\"2026-03-11T12:00:00+00:00\",\"description\":\"Conhe\u00e7a os benef\u00edcios das uvas vermelhas, suas principais variedades, valores nutricionais e dicas pr\u00e1ticas de consumo para inclu\u00ed-las no dia a dia.\",\"breadcrumb\":{\"@id\":\"https:\\\/\\\/www.elciruelo.com\\\/pt-br\\\/uvas-vermelhas-beneficios-tipos-como-consumir\\\/#breadcrumb\"},\"inLanguage\":\"pt-BR\",\"potentialAction\":[{\"@type\":\"ReadAction\",\"target\":[\"https:\\\/\\\/www.elciruelo.com\\\/pt-br\\\/uvas-vermelhas-beneficios-tipos-como-consumir\\\/\"]}]},{\"@type\":\"ImageObject\",\"inLanguage\":\"pt-BR\",\"@id\":\"https:\\\/\\\/www.elciruelo.com\\\/pt-br\\\/uvas-vermelhas-beneficios-tipos-como-consumir\\\/#primaryimage\",\"url\":\"https:\\\/\\\/www.elciruelo.com\\\/wp-content\\\/uploads\\\/2026\\\/03\\\/Uvas-vermelhas-1-scaled.jpg\",\"contentUrl\":\"https:\\\/\\\/www.elciruelo.com\\\/wp-content\\\/uploads\\\/2026\\\/03\\\/Uvas-vermelhas-1-scaled.jpg\",\"width\":2560,\"height\":2560,\"caption\":\"Uvas vermelhas: origem, benef\u00edcios reais\"},{\"@type\":\"BreadcrumbList\",\"@id\":\"https:\\\/\\\/www.elciruelo.com\\\/pt-br\\\/uvas-vermelhas-beneficios-tipos-como-consumir\\\/#breadcrumb\",\"itemListElement\":[{\"@type\":\"ListItem\",\"position\":1,\"name\":\"Home\",\"item\":\"https:\\\/\\\/www.elciruelo.com\\\/pt-br\\\/\"},{\"@type\":\"ListItem\",\"position\":2,\"name\":\"Uvas vermelhas: origem, benef\u00edcios reais e tudo o que n\u00e3o te contaram\"}]},{\"@type\":\"WebSite\",\"@id\":\"https:\\\/\\\/www.elciruelo.com\\\/pt-br\\\/#website\",\"url\":\"https:\\\/\\\/www.elciruelo.com\\\/pt-br\\\/\",\"name\":\"El Ciruelo\",\"description\":\"Productores de Uva de Mesa y Fruta de Hueso  \",\"publisher\":{\"@id\":\"https:\\\/\\\/www.elciruelo.com\\\/pt-br\\\/#organization\"},\"alternateName\":\"Ciruelo\",\"potentialAction\":[{\"@type\":\"SearchAction\",\"target\":{\"@type\":\"EntryPoint\",\"urlTemplate\":\"https:\\\/\\\/www.elciruelo.com\\\/pt-br\\\/?s={search_term_string}\"},\"query-input\":{\"@type\":\"PropertyValueSpecification\",\"valueRequired\":true,\"valueName\":\"search_term_string\"}}],\"inLanguage\":\"pt-BR\"},{\"@type\":\"Organization\",\"@id\":\"https:\\\/\\\/www.elciruelo.com\\\/pt-br\\\/#organization\",\"name\":\"El Ciruelo\",\"alternateName\":\"Grupo El Ciruelo\",\"url\":\"https:\\\/\\\/www.elciruelo.com\\\/pt-br\\\/\",\"logo\":{\"@type\":\"ImageObject\",\"inLanguage\":\"pt-BR\",\"@id\":\"https:\\\/\\\/www.elciruelo.com\\\/pt-br\\\/#\\\/schema\\\/logo\\\/image\\\/\",\"url\":\"https:\\\/\\\/www.elciruelo.com\\\/wp-content\\\/uploads\\\/2021\\\/09\\\/el-ciruelo-logo.png\",\"contentUrl\":\"https:\\\/\\\/www.elciruelo.com\\\/wp-content\\\/uploads\\\/2021\\\/09\\\/el-ciruelo-logo.png\",\"width\":636,\"height\":174,\"caption\":\"El Ciruelo\"},\"image\":{\"@id\":\"https:\\\/\\\/www.elciruelo.com\\\/pt-br\\\/#\\\/schema\\\/logo\\\/image\\\/\"},\"sameAs\":[\"https:\\\/\\\/es-es.facebook.com\\\/ElCirueloSL\\\/\",\"https:\\\/\\\/www.instagram.com\\\/elciruelofruits\\\/\",\"https:\\\/\\\/www.tiktok.com\\\/@elciruelofruits\",\"https:\\\/\\\/es.linkedin.com\\\/company\\\/grupoelciruelo\"]},{\"@type\":\"Person\",\"@id\":\"https:\\\/\\\/www.elciruelo.com\\\/pt-br\\\/#\\\/schema\\\/person\\\/1fd1c03b7551a2d76c8e9ada5da3df46\",\"name\":\"comunicacion_elciruelo\",\"image\":{\"@type\":\"ImageObject\",\"inLanguage\":\"pt-BR\",\"@id\":\"https:\\\/\\\/secure.gravatar.com\\\/avatar\\\/38455aa28773382b217f7f58f0c7aad10f497083c594869fd416cff8e64367ab?s=96&d=mm&r=g\",\"url\":\"https:\\\/\\\/secure.gravatar.com\\\/avatar\\\/38455aa28773382b217f7f58f0c7aad10f497083c594869fd416cff8e64367ab?s=96&d=mm&r=g\",\"contentUrl\":\"https:\\\/\\\/secure.gravatar.com\\\/avatar\\\/38455aa28773382b217f7f58f0c7aad10f497083c594869fd416cff8e64367ab?s=96&d=mm&r=g\",\"caption\":\"comunicacion_elciruelo\"}}]}<\/script>\n<!-- \/ Yoast SEO plugin. -->","yoast_head_json":{"title":"Uvas vermelhas: benef\u00edcios, tipos e como consumir","description":"Conhe\u00e7a os benef\u00edcios das uvas vermelhas, suas principais variedades, valores nutricionais e dicas pr\u00e1ticas de consumo para inclu\u00ed-las no dia a dia.","robots":{"index":"index","follow":"follow","max-snippet":"max-snippet:-1","max-image-preview":"max-image-preview:large","max-video-preview":"max-video-preview:-1"},"canonical":"https:\/\/www.elciruelo.com\/pt-br\/uvas-vermelhas-beneficios-tipos-como-consumir\/","og_locale":"pt_BR","og_type":"article","og_title":"Uvas vermelhas: benef\u00edcios, tipos e como consumir","og_description":"Conhe\u00e7a os benef\u00edcios das uvas vermelhas, suas principais variedades, valores nutricionais e dicas pr\u00e1ticas de consumo para inclu\u00ed-las no dia a dia.","og_url":"https:\/\/www.elciruelo.com\/pt-br\/uvas-vermelhas-beneficios-tipos-como-consumir\/","og_site_name":"El Ciruelo","article_publisher":"https:\/\/es-es.facebook.com\/ElCirueloSL\/","article_published_time":"2026-03-11T12:00:00+00:00","og_image":[{"width":2560,"height":2560,"url":"https:\/\/www.elciruelo.com\/wp-content\/uploads\/2026\/03\/Uvas-vermelhas-1-scaled.jpg","type":"image\/jpeg"}],"author":"comunicacion_elciruelo","twitter_card":"summary_large_image","twitter_misc":{"Escrito por":"comunicacion_elciruelo","Est. tempo de leitura":"5 minutos"},"schema":{"@context":"https:\/\/schema.org","@graph":[{"@type":"Article","@id":"https:\/\/www.elciruelo.com\/pt-br\/uvas-vermelhas-beneficios-tipos-como-consumir\/#article","isPartOf":{"@id":"https:\/\/www.elciruelo.com\/pt-br\/uvas-vermelhas-beneficios-tipos-como-consumir\/"},"author":{"name":"comunicacion_elciruelo","@id":"https:\/\/www.elciruelo.com\/pt-br\/#\/schema\/person\/1fd1c03b7551a2d76c8e9ada5da3df46"},"headline":"Uvas vermelhas: origem, benef\u00edcios reais e tudo o que n\u00e3o te contaram","datePublished":"2026-03-11T12:00:00+00:00","mainEntityOfPage":{"@id":"https:\/\/www.elciruelo.com\/pt-br\/uvas-vermelhas-beneficios-tipos-como-consumir\/"},"wordCount":1048,"publisher":{"@id":"https:\/\/www.elciruelo.com\/pt-br\/#organization"},"image":{"@id":"https:\/\/www.elciruelo.com\/pt-br\/uvas-vermelhas-beneficios-tipos-como-consumir\/#primaryimage"},"thumbnailUrl":"https:\/\/www.elciruelo.com\/wp-content\/uploads\/2026\/03\/Uvas-vermelhas-1-scaled.jpg","articleSection":["Sa\u00fade e nutri\u00e7\u00e3o"],"inLanguage":"pt-BR"},{"@type":"WebPage","@id":"https:\/\/www.elciruelo.com\/pt-br\/uvas-vermelhas-beneficios-tipos-como-consumir\/","url":"https:\/\/www.elciruelo.com\/pt-br\/uvas-vermelhas-beneficios-tipos-como-consumir\/","name":"Uvas vermelhas: benef\u00edcios, tipos e como consumir","isPartOf":{"@id":"https:\/\/www.elciruelo.com\/pt-br\/#website"},"primaryImageOfPage":{"@id":"https:\/\/www.elciruelo.com\/pt-br\/uvas-vermelhas-beneficios-tipos-como-consumir\/#primaryimage"},"image":{"@id":"https:\/\/www.elciruelo.com\/pt-br\/uvas-vermelhas-beneficios-tipos-como-consumir\/#primaryimage"},"thumbnailUrl":"https:\/\/www.elciruelo.com\/wp-content\/uploads\/2026\/03\/Uvas-vermelhas-1-scaled.jpg","datePublished":"2026-03-11T12:00:00+00:00","description":"Conhe\u00e7a os benef\u00edcios das uvas vermelhas, suas principais variedades, valores nutricionais e dicas pr\u00e1ticas de consumo para inclu\u00ed-las no dia a dia.","breadcrumb":{"@id":"https:\/\/www.elciruelo.com\/pt-br\/uvas-vermelhas-beneficios-tipos-como-consumir\/#breadcrumb"},"inLanguage":"pt-BR","potentialAction":[{"@type":"ReadAction","target":["https:\/\/www.elciruelo.com\/pt-br\/uvas-vermelhas-beneficios-tipos-como-consumir\/"]}]},{"@type":"ImageObject","inLanguage":"pt-BR","@id":"https:\/\/www.elciruelo.com\/pt-br\/uvas-vermelhas-beneficios-tipos-como-consumir\/#primaryimage","url":"https:\/\/www.elciruelo.com\/wp-content\/uploads\/2026\/03\/Uvas-vermelhas-1-scaled.jpg","contentUrl":"https:\/\/www.elciruelo.com\/wp-content\/uploads\/2026\/03\/Uvas-vermelhas-1-scaled.jpg","width":2560,"height":2560,"caption":"Uvas vermelhas: origem, benef\u00edcios reais"},{"@type":"BreadcrumbList","@id":"https:\/\/www.elciruelo.com\/pt-br\/uvas-vermelhas-beneficios-tipos-como-consumir\/#breadcrumb","itemListElement":[{"@type":"ListItem","position":1,"name":"Home","item":"https:\/\/www.elciruelo.com\/pt-br\/"},{"@type":"ListItem","position":2,"name":"Uvas vermelhas: origem, benef\u00edcios reais e tudo o que n\u00e3o te contaram"}]},{"@type":"WebSite","@id":"https:\/\/www.elciruelo.com\/pt-br\/#website","url":"https:\/\/www.elciruelo.com\/pt-br\/","name":"El Ciruelo","description":"Productores de Uva de Mesa y Fruta de Hueso  ","publisher":{"@id":"https:\/\/www.elciruelo.com\/pt-br\/#organization"},"alternateName":"Ciruelo","potentialAction":[{"@type":"SearchAction","target":{"@type":"EntryPoint","urlTemplate":"https:\/\/www.elciruelo.com\/pt-br\/?s={search_term_string}"},"query-input":{"@type":"PropertyValueSpecification","valueRequired":true,"valueName":"search_term_string"}}],"inLanguage":"pt-BR"},{"@type":"Organization","@id":"https:\/\/www.elciruelo.com\/pt-br\/#organization","name":"El Ciruelo","alternateName":"Grupo El Ciruelo","url":"https:\/\/www.elciruelo.com\/pt-br\/","logo":{"@type":"ImageObject","inLanguage":"pt-BR","@id":"https:\/\/www.elciruelo.com\/pt-br\/#\/schema\/logo\/image\/","url":"https:\/\/www.elciruelo.com\/wp-content\/uploads\/2021\/09\/el-ciruelo-logo.png","contentUrl":"https:\/\/www.elciruelo.com\/wp-content\/uploads\/2021\/09\/el-ciruelo-logo.png","width":636,"height":174,"caption":"El Ciruelo"},"image":{"@id":"https:\/\/www.elciruelo.com\/pt-br\/#\/schema\/logo\/image\/"},"sameAs":["https:\/\/es-es.facebook.com\/ElCirueloSL\/","https:\/\/www.instagram.com\/elciruelofruits\/","https:\/\/www.tiktok.com\/@elciruelofruits","https:\/\/es.linkedin.com\/company\/grupoelciruelo"]},{"@type":"Person","@id":"https:\/\/www.elciruelo.com\/pt-br\/#\/schema\/person\/1fd1c03b7551a2d76c8e9ada5da3df46","name":"comunicacion_elciruelo","image":{"@type":"ImageObject","inLanguage":"pt-BR","@id":"https:\/\/secure.gravatar.com\/avatar\/38455aa28773382b217f7f58f0c7aad10f497083c594869fd416cff8e64367ab?s=96&d=mm&r=g","url":"https:\/\/secure.gravatar.com\/avatar\/38455aa28773382b217f7f58f0c7aad10f497083c594869fd416cff8e64367ab?s=96&d=mm&r=g","contentUrl":"https:\/\/secure.gravatar.com\/avatar\/38455aa28773382b217f7f58f0c7aad10f497083c594869fd416cff8e64367ab?s=96&d=mm&r=g","caption":"comunicacion_elciruelo"}}]}},"_links":{"self":[{"href":"https:\/\/www.elciruelo.com\/pt-br\/wp-json\/wp\/v2\/posts\/25266","targetHints":{"allow":["GET"]}}],"collection":[{"href":"https:\/\/www.elciruelo.com\/pt-br\/wp-json\/wp\/v2\/posts"}],"about":[{"href":"https:\/\/www.elciruelo.com\/pt-br\/wp-json\/wp\/v2\/types\/post"}],"author":[{"embeddable":true,"href":"https:\/\/www.elciruelo.com\/pt-br\/wp-json\/wp\/v2\/users\/28"}],"replies":[{"embeddable":true,"href":"https:\/\/www.elciruelo.com\/pt-br\/wp-json\/wp\/v2\/comments?post=25266"}],"version-history":[{"count":10,"href":"https:\/\/www.elciruelo.com\/pt-br\/wp-json\/wp\/v2\/posts\/25266\/revisions"}],"predecessor-version":[{"id":25295,"href":"https:\/\/www.elciruelo.com\/pt-br\/wp-json\/wp\/v2\/posts\/25266\/revisions\/25295"}],"wp:featuredmedia":[{"embeddable":true,"href":"https:\/\/www.elciruelo.com\/pt-br\/wp-json\/wp\/v2\/media\/25332"}],"wp:attachment":[{"href":"https:\/\/www.elciruelo.com\/pt-br\/wp-json\/wp\/v2\/media?parent=25266"}],"wp:term":[{"taxonomy":"category","embeddable":true,"href":"https:\/\/www.elciruelo.com\/pt-br\/wp-json\/wp\/v2\/categories?post=25266"},{"taxonomy":"post_tag","embeddable":true,"href":"https:\/\/www.elciruelo.com\/pt-br\/wp-json\/wp\/v2\/tags?post=25266"}],"curies":[{"name":"wp","href":"https:\/\/api.w.org\/{rel}","templated":true}]}}