{"id":25605,"date":"2026-04-28T13:00:00","date_gmt":"2026-04-28T11:00:00","guid":{"rendered":"https:\/\/www.elciruelo.com\/?p=25605"},"modified":"2026-04-01T12:40:54","modified_gmt":"2026-04-01T10:40:54","slug":"acucar-uvas-de-mesa-indice-glicemico","status":"publish","type":"post","link":"https:\/\/www.elciruelo.com\/pt-br\/acucar-uvas-de-mesa-indice-glicemico\/","title":{"rendered":"Uvas de mesa e a\u00e7\u00facar: quanto comer para aproveitar sem exagerar"},"content":{"rendered":"\n<p>A uva \u00e9 uma das frutas mais apreciadas no mundo&nbsp; e tamb\u00e9m uma das que mais gera d\u00favidas quando o assunto \u00e9 a\u00e7\u00facar. Ser\u00e1 que ela eleva muito a glicemia? Pode entrar na dieta? E o famoso &#8220;<a href=\"https:\/\/www.elciruelo.com\/pt-br\/uva-engorda-calorias-nutricao-e-guia-completo-2025\">uva engorda&#8221;<\/a> tem algum fundamento?&nbsp;<\/p>\n\n\n\n<p>A resposta, como quase tudo em nutri\u00e7\u00e3o, depende de contexto. Neste artigo, vamos explorar o que est\u00e1 por tr\u00e1s do sabor naturalmente doce das uvas de mesa e como aproveitar essa fruta de forma equilibrada no dia a dia.<\/p>\n\n\n\n<h2 class=\"wp-block-heading\">Qual o teor de a\u00e7\u00facar nas uvas de mesa?<\/h2>\n\n\n\n<p>As uvas de mesa cont\u00eam, em m\u00e9dia, entre 15 g e 18 g de a\u00e7\u00facar por 100 g de fruta, um valor que varia conforme a variedade, o ponto de matura\u00e7\u00e3o e as condi\u00e7\u00f5es de cultivo.<\/p>\n\n\n\n<p>&nbsp;Esse a\u00e7\u00facar \u00e9 composto principalmente por frutose e glicose em propor\u00e7\u00f5es semelhantes, com pequenas quantidades de sacarose. S\u00e3o a\u00e7\u00facares naturais, que chegam ao organismo acompanhados de \u00e1gua, fibras, vitaminas e polifen\u00f3is, nada a ver com o a\u00e7\u00facar refinado adicionado em alimentos industrializados.<\/p>\n\n\n\n<h4 class=\"wp-block-heading\">Frutose, glicose e sacarose: o que comp\u00f5e o sabor doce da uva<\/h4>\n\n\n\n<p>Desses tr\u00eas a\u00e7\u00facares, a frutose \u00e9 a que mais contribui para a do\u00e7ura caracter\u00edstica da uva&nbsp; e, diferentemente da glicose, \u00e9 metabolizada principalmente pelo f\u00edgado sem provocar picos imediatos de insulina.&nbsp;<\/p>\n\n\n\n<p>A glicose entra diretamente na corrente sangu\u00ednea e fornece energia r\u00e1pida, enquanto a sacarose, presente em menores quantidades, se quebra em glicose e frutose durante a pr\u00f3pria digest\u00e3o.&nbsp;<\/p>\n\n\n\n<p>Juntos, esses compostos explicam por que a uva \u00e9 t\u00e3o doce, mas tamb\u00e9m por que seu impacto glic\u00eamico, quando consumida com modera\u00e7\u00e3o, \u00e9 mais equilibrado do que o sabor sugere.<\/p>\n\n\n\n<h4 class=\"wp-block-heading\">Compara\u00e7\u00e3o com outras frutas: a uva tem mais a\u00e7\u00facar que o normal?<\/h4>\n\n\n\n<figure class=\"wp-block-table\"><table class=\"has-fixed-layout\"><tbody><tr><td>Fruta(100 g)<\/td><td>A\u00e7\u00facar total<\/td><td>Calorias<\/td><td>\u00cdndice glic\u00eamico<\/td><\/tr><tr><td>uva de mesa<\/td><td>15-18g<\/td><td>~70 kcal<\/td><td>M\u00e9dio(45-59)<\/td><\/tr><tr><td>banana madura<\/td><td>20 g<\/td><td>89 kcal<\/td><td>M\u00e9dio (51)<\/td><\/tr><tr><td>manga<\/td><td>13<\/td><td>60 kcal<\/td><td>M\u00e9dio (51)<\/td><\/tr><tr><td>ma\u00e7\u00e3<\/td><td>10<\/td><td>52 kcal<\/td><td>Baixo 36)<\/td><\/tr><tr><td>melancia<\/td><td>6<\/td><td>30 kcal<\/td><td>Alto(72)<\/td><\/tr><\/tbody><\/table><\/figure>\n\n\n\n<h2 class=\"wp-block-heading\">\u00cdndice glic\u00eamico e carga glic\u00eamica da uva<\/h2>\n\n\n\n<p>O \u00edndice glic\u00eamico (IG) mede a velocidade com que um alimento eleva a glicose no sangue ap\u00f3s o consumo. Valores abaixo de 55 s\u00e3o considerados baixos, entre 55 e 69 s\u00e3o m\u00e9dios e acima de 70 s\u00e3o altos.&nbsp;<\/p>\n\n\n\n<p>A uva de mesa tem IG entre 45 e 59, dependendo da variedade, o que a posiciona na faixa de m\u00e9dio a moderado. Isso significa que ela eleva a glicemia, mas de forma menos abrupta do que p\u00e3o branco, arroz branco ou refrigerantes.<\/p>\n\n\n\n<h4 class=\"wp-block-heading\">A uva eleva muito a glicemia? O que dizem os estudos<\/h4>\n\n\n\n<p>Estudos indicam que o consumo moderado de uvas inteiras tem impacto glic\u00eamico inferior ao do suco de uva porque a mastiga\u00e7\u00e3o e as fibras da casca desaceleram a absor\u00e7\u00e3o dos a\u00e7\u00facares.&nbsp;<\/p>\n\n\n\n<p>Al\u00e9m do mais, os compostos como o resveratrol e outros polifen\u00f3is presentes nas uvas demonstraram, em pesquisas laboratoriais, potencial para melhorar a sensibilidade \u00e0 insulina. Ou seja: a uva, quando consumida inteira e em por\u00e7\u00f5es adequadas, n\u00e3o \u00e9 vil\u00e3 da glicemia.<\/p>\n\n\n\n<h2 class=\"wp-block-heading\">Quanto comer por dia? A por\u00e7\u00e3o ideal de uvas de mesa<\/h2>\n\n\n\n<p>Para adultos saud\u00e1veis, uma por\u00e7\u00e3o de uvas de mesa equivale a cerca de 15 a 20 unidades m\u00e9dias (aproximadamente 150 g), o que corresponde a cerca de 100 kcal e entre 22 g e 27 g de carboidratos.<\/p>\n\n\n\n<p>&nbsp;Essa quantidade pode ser consumida uma vez ao dia como parte de uma dieta equilibrada, sem preocupa\u00e7\u00f5es para a maioria das pessoas.<\/p>\n\n\n\n<h4 class=\"wp-block-heading\">Quantidade para quem tem diabetes ou resist\u00eancia \u00e0 insulina<\/h4>\n\n\n\n<p>Para pessoas com diabetes tipo 2 ou resist\u00eancia \u00e0 insulina, a recomenda\u00e7\u00e3o \u00e9 reduzir a por\u00e7\u00e3o para cerca de 80 g a 100 g por vez&nbsp; o equivalente a 10 a 12 uvas m\u00e9dias&nbsp; e combin\u00e1-las com uma fonte de prote\u00edna ou gordura boa para reduzir o impacto glic\u00eamico.<\/p>\n\n\n\n<p>&nbsp;O monitoramento individual da glicemia ap\u00f3s o consumo \u00e9 sempre o melhor guia. A orienta\u00e7\u00e3o de um nutricionista \u00e9 indispens\u00e1vel para adaptar essas recomenda\u00e7\u00f5es ao perfil de cada pessoa.<\/p>\n\n\n\n<h4 class=\"wp-block-heading\">Melhor hor\u00e1rio para consumir uva sem pico de glicose<\/h4>\n\n\n\n<p>O melhor hor\u00e1rio para consumir uvas \u00e9 durante ou ap\u00f3s as refei\u00e7\u00f5es principais, e n\u00e3o em jejum. Consumida sozinha em jejum, a fruta \u00e9 absorvida mais rapidamente e pode provocar picos de glicose mais pronunciados.<\/p>\n\n\n\n<h3 class=\"wp-block-heading\">Uva de mesa engorda?<\/h3>\n\n\n\n<p>A resposta curta \u00e9: n\u00e3o, por si s\u00f3. Uma por\u00e7\u00e3o padr\u00e3o de uvas tem cerca de 100 kcal, um valor bastante razo\u00e1vel para uma fruta com alto poder de saciedade.<\/p>\n\n\n\n<p>O que&nbsp; engorda ou n\u00e3o engorda depende sempre do contexto alimentar completo: quantidade total de calorias consumidas no dia, n\u00edvel de atividade f\u00edsica e padr\u00e3o geral da dieta.&nbsp;<\/p>\n\n\n\n<p>Comer uvas com modera\u00e7\u00e3o dentro de uma alimenta\u00e7\u00e3o equilibrada n\u00e3o contribui para o ganho de peso.<\/p>\n\n\n\n<h4 class=\"wp-block-heading\">Combina\u00e7\u00f5es que ajudam a equilibrar a absor\u00e7\u00e3o<\/h4>\n\n\n\n<ul class=\"wp-block-list\">\n<li><strong>Prote\u00edna<\/strong>: Queijo branco, iogurte natural ou ovo cozido,\u00a0 desaceleram a absor\u00e7\u00e3o dos a\u00e7\u00facares.<\/li>\n\n\n\n<li><strong>Gordura boa<\/strong>: Castanhas, nozes ou am\u00eandoas, reduzem o \u00edndice glic\u00eamico da refei\u00e7\u00e3o como um todo.<\/li>\n\n\n\n<li><strong>Fibra<\/strong>: Consuma a uva com a casca. Sempre que poss\u00edvel,\u00a0 ela cont\u00e9m fibras e antioxidantes importantes.<\/li>\n<\/ul>\n\n\n\n<p>No fim das contas, a <a href=\"https:\/\/www.elciruelo.com\/pt-br\/uvas-de-mesa\">uva de mesa<\/a> \u00e9 uma fruta nutritiva, saborosa e compat\u00edvel com uma alimenta\u00e7\u00e3o saud\u00e1vel para a maioria das pessoas. O segredo est\u00e1 na por\u00e7\u00e3o e no contexto e n\u00e3o em evit\u00e1-la com medo do a\u00e7\u00facar natural.<\/p>\n\n\n\n<h3 class=\"wp-block-heading\">Alimenta\u00e7\u00e3o que faz sentido, do campo \u00e0 sua mesa<\/h3>\n\n\n\n<p>No El Ciruelo, acreditamos que comer bem come\u00e7a por conhecer o que est\u00e1 no prato. Por isso, o nosso blog re\u00fane receitas, conte\u00fados sobre nutri\u00e7\u00e3o e inspira\u00e7\u00f5es de bem-estar para o dia a dia. Venha <a href=\"https:\/\/www.elciruelo.com\/pt-br\/saude-e-nutricao\">explorar<\/a>,\u00a0 tem muito mais por aqui.<\/p>\n\n\n\n<p><\/p>\n","protected":false},"excerpt":{"rendered":"<p>A uva \u00e9 uma das frutas mais apreciadas no mundo&nbsp; e tamb\u00e9m uma das que mais gera d\u00favidas quando o assunto \u00e9 a\u00e7\u00facar. Ser\u00e1 que ela eleva muito a glicemia? Pode entrar na dieta? E o famoso &#8220;uva engorda&#8221; tem algum fundamento?&nbsp; A resposta, como quase tudo em nutri\u00e7\u00e3o, depende de contexto. Neste artigo, vamos [&hellip;]<\/p>\n","protected":false},"author":28,"featured_media":25607,"comment_status":"closed","ping_status":"closed","sticky":false,"template":"","format":"standard","meta":{"_acf_changed":false,"footnotes":""},"categories":[36],"tags":[],"class_list":["post-25605","post","type-post","status-publish","format-standard","has-post-thumbnail","hentry","category-saude-e-nutricao"],"acf":[],"yoast_head":"<!-- This site is optimized with the Yoast SEO plugin v27.4 - https:\/\/yoast.com\/product\/yoast-seo-wordpress\/ -->\n<title>A\u00e7\u00facar nas uvas de mesa: \u00edndice glic\u00eamico, calorias e por\u00e7\u00e3o Ideal<\/title>\n<meta name=\"description\" content=\"Entenda o teor de a\u00e7\u00facar nas uvas de mesa, o \u00edndice glic\u00eamico e a por\u00e7\u00e3o ideal para adultos saud\u00e1veis e diab\u00e9ticos. Saiba como consumir sem exagerar.\" \/>\n<meta name=\"robots\" content=\"index, follow, max-snippet:-1, max-image-preview:large, max-video-preview:-1\" \/>\n<link rel=\"canonical\" href=\"https:\/\/www.elciruelo.com\/pt-br\/acucar-uvas-de-mesa-indice-glicemico\/\" \/>\n<meta property=\"og:locale\" content=\"pt_BR\" \/>\n<meta property=\"og:type\" content=\"article\" \/>\n<meta property=\"og:title\" content=\"A\u00e7\u00facar nas uvas de mesa: \u00edndice glic\u00eamico, calorias e por\u00e7\u00e3o Ideal\" \/>\n<meta property=\"og:description\" content=\"Entenda o teor de a\u00e7\u00facar nas uvas de mesa, o \u00edndice glic\u00eamico e a por\u00e7\u00e3o ideal para adultos saud\u00e1veis e diab\u00e9ticos. Saiba como consumir sem exagerar.\" \/>\n<meta property=\"og:url\" content=\"https:\/\/www.elciruelo.com\/pt-br\/acucar-uvas-de-mesa-indice-glicemico\/\" \/>\n<meta property=\"og:site_name\" content=\"El Ciruelo\" \/>\n<meta property=\"article:publisher\" content=\"https:\/\/es-es.facebook.com\/ElCirueloSL\/\" \/>\n<meta property=\"article:published_time\" content=\"2026-04-28T11:00:00+00:00\" \/>\n<meta property=\"og:image\" content=\"https:\/\/www.elciruelo.com\/wp-content\/uploads\/2026\/04\/Uvas-de-mesa-e-acucar.png\" \/>\n\t<meta property=\"og:image:width\" content=\"1024\" \/>\n\t<meta property=\"og:image:height\" content=\"1024\" \/>\n\t<meta property=\"og:image:type\" content=\"image\/png\" \/>\n<meta name=\"author\" content=\"comunicacion_elciruelo\" \/>\n<meta name=\"twitter:card\" content=\"summary_large_image\" \/>\n<meta name=\"twitter:label1\" content=\"Escrito por\" \/>\n\t<meta name=\"twitter:data1\" content=\"comunicacion_elciruelo\" \/>\n\t<meta name=\"twitter:label2\" content=\"Est. tempo de leitura\" \/>\n\t<meta name=\"twitter:data2\" content=\"5 minutos\" \/>\n<script type=\"application\/ld+json\" class=\"yoast-schema-graph\">{\"@context\":\"https:\\\/\\\/schema.org\",\"@graph\":[{\"@type\":\"Article\",\"@id\":\"https:\\\/\\\/www.elciruelo.com\\\/pt-br\\\/acucar-uvas-de-mesa-indice-glicemico\\\/#article\",\"isPartOf\":{\"@id\":\"https:\\\/\\\/www.elciruelo.com\\\/pt-br\\\/acucar-uvas-de-mesa-indice-glicemico\\\/\"},\"author\":{\"name\":\"comunicacion_elciruelo\",\"@id\":\"https:\\\/\\\/www.elciruelo.com\\\/pt-br\\\/#\\\/schema\\\/person\\\/1fd1c03b7551a2d76c8e9ada5da3df46\"},\"headline\":\"Uvas de mesa e a\u00e7\u00facar: quanto comer para aproveitar sem exagerar\",\"datePublished\":\"2026-04-28T11:00:00+00:00\",\"mainEntityOfPage\":{\"@id\":\"https:\\\/\\\/www.elciruelo.com\\\/pt-br\\\/acucar-uvas-de-mesa-indice-glicemico\\\/\"},\"wordCount\":1001,\"publisher\":{\"@id\":\"https:\\\/\\\/www.elciruelo.com\\\/pt-br\\\/#organization\"},\"image\":{\"@id\":\"https:\\\/\\\/www.elciruelo.com\\\/pt-br\\\/acucar-uvas-de-mesa-indice-glicemico\\\/#primaryimage\"},\"thumbnailUrl\":\"https:\\\/\\\/www.elciruelo.com\\\/wp-content\\\/uploads\\\/2026\\\/04\\\/Uvas-de-mesa-e-acucar.png\",\"articleSection\":[\"Sa\u00fade e nutri\u00e7\u00e3o\"],\"inLanguage\":\"pt-BR\"},{\"@type\":\"WebPage\",\"@id\":\"https:\\\/\\\/www.elciruelo.com\\\/pt-br\\\/acucar-uvas-de-mesa-indice-glicemico\\\/\",\"url\":\"https:\\\/\\\/www.elciruelo.com\\\/pt-br\\\/acucar-uvas-de-mesa-indice-glicemico\\\/\",\"name\":\"A\u00e7\u00facar nas uvas de mesa: \u00edndice glic\u00eamico, calorias e por\u00e7\u00e3o Ideal\",\"isPartOf\":{\"@id\":\"https:\\\/\\\/www.elciruelo.com\\\/pt-br\\\/#website\"},\"primaryImageOfPage\":{\"@id\":\"https:\\\/\\\/www.elciruelo.com\\\/pt-br\\\/acucar-uvas-de-mesa-indice-glicemico\\\/#primaryimage\"},\"image\":{\"@id\":\"https:\\\/\\\/www.elciruelo.com\\\/pt-br\\\/acucar-uvas-de-mesa-indice-glicemico\\\/#primaryimage\"},\"thumbnailUrl\":\"https:\\\/\\\/www.elciruelo.com\\\/wp-content\\\/uploads\\\/2026\\\/04\\\/Uvas-de-mesa-e-acucar.png\",\"datePublished\":\"2026-04-28T11:00:00+00:00\",\"description\":\"Entenda o teor de a\u00e7\u00facar nas uvas de mesa, o \u00edndice glic\u00eamico e a por\u00e7\u00e3o ideal para adultos saud\u00e1veis e diab\u00e9ticos. Saiba como consumir sem exagerar.\",\"breadcrumb\":{\"@id\":\"https:\\\/\\\/www.elciruelo.com\\\/pt-br\\\/acucar-uvas-de-mesa-indice-glicemico\\\/#breadcrumb\"},\"inLanguage\":\"pt-BR\",\"potentialAction\":[{\"@type\":\"ReadAction\",\"target\":[\"https:\\\/\\\/www.elciruelo.com\\\/pt-br\\\/acucar-uvas-de-mesa-indice-glicemico\\\/\"]}]},{\"@type\":\"ImageObject\",\"inLanguage\":\"pt-BR\",\"@id\":\"https:\\\/\\\/www.elciruelo.com\\\/pt-br\\\/acucar-uvas-de-mesa-indice-glicemico\\\/#primaryimage\",\"url\":\"https:\\\/\\\/www.elciruelo.com\\\/wp-content\\\/uploads\\\/2026\\\/04\\\/Uvas-de-mesa-e-acucar.png\",\"contentUrl\":\"https:\\\/\\\/www.elciruelo.com\\\/wp-content\\\/uploads\\\/2026\\\/04\\\/Uvas-de-mesa-e-acucar.png\",\"width\":1024,\"height\":1024,\"caption\":\"uvas de mesa verdes frescas ricas em a\u00e7\u00facar natural e nutrientes\"},{\"@type\":\"BreadcrumbList\",\"@id\":\"https:\\\/\\\/www.elciruelo.com\\\/pt-br\\\/acucar-uvas-de-mesa-indice-glicemico\\\/#breadcrumb\",\"itemListElement\":[{\"@type\":\"ListItem\",\"position\":1,\"name\":\"Home\",\"item\":\"https:\\\/\\\/www.elciruelo.com\\\/pt-br\\\/\"},{\"@type\":\"ListItem\",\"position\":2,\"name\":\"Uvas de mesa e a\u00e7\u00facar: quanto comer para aproveitar sem exagerar\"}]},{\"@type\":\"WebSite\",\"@id\":\"https:\\\/\\\/www.elciruelo.com\\\/pt-br\\\/#website\",\"url\":\"https:\\\/\\\/www.elciruelo.com\\\/pt-br\\\/\",\"name\":\"El Ciruelo\",\"description\":\"Productores de Uva de Mesa y Fruta de Hueso  \",\"publisher\":{\"@id\":\"https:\\\/\\\/www.elciruelo.com\\\/pt-br\\\/#organization\"},\"alternateName\":\"Ciruelo\",\"potentialAction\":[{\"@type\":\"SearchAction\",\"target\":{\"@type\":\"EntryPoint\",\"urlTemplate\":\"https:\\\/\\\/www.elciruelo.com\\\/pt-br\\\/?s={search_term_string}\"},\"query-input\":{\"@type\":\"PropertyValueSpecification\",\"valueRequired\":true,\"valueName\":\"search_term_string\"}}],\"inLanguage\":\"pt-BR\"},{\"@type\":\"Organization\",\"@id\":\"https:\\\/\\\/www.elciruelo.com\\\/pt-br\\\/#organization\",\"name\":\"El Ciruelo\",\"alternateName\":\"Grupo El Ciruelo\",\"url\":\"https:\\\/\\\/www.elciruelo.com\\\/pt-br\\\/\",\"logo\":{\"@type\":\"ImageObject\",\"inLanguage\":\"pt-BR\",\"@id\":\"https:\\\/\\\/www.elciruelo.com\\\/pt-br\\\/#\\\/schema\\\/logo\\\/image\\\/\",\"url\":\"https:\\\/\\\/www.elciruelo.com\\\/wp-content\\\/uploads\\\/2021\\\/09\\\/el-ciruelo-logo.png\",\"contentUrl\":\"https:\\\/\\\/www.elciruelo.com\\\/wp-content\\\/uploads\\\/2021\\\/09\\\/el-ciruelo-logo.png\",\"width\":636,\"height\":174,\"caption\":\"El Ciruelo\"},\"image\":{\"@id\":\"https:\\\/\\\/www.elciruelo.com\\\/pt-br\\\/#\\\/schema\\\/logo\\\/image\\\/\"},\"sameAs\":[\"https:\\\/\\\/es-es.facebook.com\\\/ElCirueloSL\\\/\",\"https:\\\/\\\/www.instagram.com\\\/elciruelofruits\\\/\",\"https:\\\/\\\/www.tiktok.com\\\/@elciruelofruits\",\"https:\\\/\\\/es.linkedin.com\\\/company\\\/grupoelciruelo\"]},{\"@type\":\"Person\",\"@id\":\"https:\\\/\\\/www.elciruelo.com\\\/pt-br\\\/#\\\/schema\\\/person\\\/1fd1c03b7551a2d76c8e9ada5da3df46\",\"name\":\"comunicacion_elciruelo\",\"image\":{\"@type\":\"ImageObject\",\"inLanguage\":\"pt-BR\",\"@id\":\"https:\\\/\\\/secure.gravatar.com\\\/avatar\\\/38455aa28773382b217f7f58f0c7aad10f497083c594869fd416cff8e64367ab?s=96&d=mm&r=g\",\"url\":\"https:\\\/\\\/secure.gravatar.com\\\/avatar\\\/38455aa28773382b217f7f58f0c7aad10f497083c594869fd416cff8e64367ab?s=96&d=mm&r=g\",\"contentUrl\":\"https:\\\/\\\/secure.gravatar.com\\\/avatar\\\/38455aa28773382b217f7f58f0c7aad10f497083c594869fd416cff8e64367ab?s=96&d=mm&r=g\",\"caption\":\"comunicacion_elciruelo\"}}]}<\/script>\n<!-- \/ Yoast SEO plugin. -->","yoast_head_json":{"title":"A\u00e7\u00facar nas uvas de mesa: \u00edndice glic\u00eamico, calorias e por\u00e7\u00e3o Ideal","description":"Entenda o teor de a\u00e7\u00facar nas uvas de mesa, o \u00edndice glic\u00eamico e a por\u00e7\u00e3o ideal para adultos saud\u00e1veis e diab\u00e9ticos. Saiba como consumir sem exagerar.","robots":{"index":"index","follow":"follow","max-snippet":"max-snippet:-1","max-image-preview":"max-image-preview:large","max-video-preview":"max-video-preview:-1"},"canonical":"https:\/\/www.elciruelo.com\/pt-br\/acucar-uvas-de-mesa-indice-glicemico\/","og_locale":"pt_BR","og_type":"article","og_title":"A\u00e7\u00facar nas uvas de mesa: \u00edndice glic\u00eamico, calorias e por\u00e7\u00e3o Ideal","og_description":"Entenda o teor de a\u00e7\u00facar nas uvas de mesa, o \u00edndice glic\u00eamico e a por\u00e7\u00e3o ideal para adultos saud\u00e1veis e diab\u00e9ticos. Saiba como consumir sem exagerar.","og_url":"https:\/\/www.elciruelo.com\/pt-br\/acucar-uvas-de-mesa-indice-glicemico\/","og_site_name":"El Ciruelo","article_publisher":"https:\/\/es-es.facebook.com\/ElCirueloSL\/","article_published_time":"2026-04-28T11:00:00+00:00","og_image":[{"width":1024,"height":1024,"url":"https:\/\/www.elciruelo.com\/wp-content\/uploads\/2026\/04\/Uvas-de-mesa-e-acucar.png","type":"image\/png"}],"author":"comunicacion_elciruelo","twitter_card":"summary_large_image","twitter_misc":{"Escrito por":"comunicacion_elciruelo","Est. tempo de leitura":"5 minutos"},"schema":{"@context":"https:\/\/schema.org","@graph":[{"@type":"Article","@id":"https:\/\/www.elciruelo.com\/pt-br\/acucar-uvas-de-mesa-indice-glicemico\/#article","isPartOf":{"@id":"https:\/\/www.elciruelo.com\/pt-br\/acucar-uvas-de-mesa-indice-glicemico\/"},"author":{"name":"comunicacion_elciruelo","@id":"https:\/\/www.elciruelo.com\/pt-br\/#\/schema\/person\/1fd1c03b7551a2d76c8e9ada5da3df46"},"headline":"Uvas de mesa e a\u00e7\u00facar: quanto comer para aproveitar sem exagerar","datePublished":"2026-04-28T11:00:00+00:00","mainEntityOfPage":{"@id":"https:\/\/www.elciruelo.com\/pt-br\/acucar-uvas-de-mesa-indice-glicemico\/"},"wordCount":1001,"publisher":{"@id":"https:\/\/www.elciruelo.com\/pt-br\/#organization"},"image":{"@id":"https:\/\/www.elciruelo.com\/pt-br\/acucar-uvas-de-mesa-indice-glicemico\/#primaryimage"},"thumbnailUrl":"https:\/\/www.elciruelo.com\/wp-content\/uploads\/2026\/04\/Uvas-de-mesa-e-acucar.png","articleSection":["Sa\u00fade e nutri\u00e7\u00e3o"],"inLanguage":"pt-BR"},{"@type":"WebPage","@id":"https:\/\/www.elciruelo.com\/pt-br\/acucar-uvas-de-mesa-indice-glicemico\/","url":"https:\/\/www.elciruelo.com\/pt-br\/acucar-uvas-de-mesa-indice-glicemico\/","name":"A\u00e7\u00facar nas uvas de mesa: \u00edndice glic\u00eamico, calorias e por\u00e7\u00e3o Ideal","isPartOf":{"@id":"https:\/\/www.elciruelo.com\/pt-br\/#website"},"primaryImageOfPage":{"@id":"https:\/\/www.elciruelo.com\/pt-br\/acucar-uvas-de-mesa-indice-glicemico\/#primaryimage"},"image":{"@id":"https:\/\/www.elciruelo.com\/pt-br\/acucar-uvas-de-mesa-indice-glicemico\/#primaryimage"},"thumbnailUrl":"https:\/\/www.elciruelo.com\/wp-content\/uploads\/2026\/04\/Uvas-de-mesa-e-acucar.png","datePublished":"2026-04-28T11:00:00+00:00","description":"Entenda o teor de a\u00e7\u00facar nas uvas de mesa, o \u00edndice glic\u00eamico e a por\u00e7\u00e3o ideal para adultos saud\u00e1veis e diab\u00e9ticos. Saiba como consumir sem exagerar.","breadcrumb":{"@id":"https:\/\/www.elciruelo.com\/pt-br\/acucar-uvas-de-mesa-indice-glicemico\/#breadcrumb"},"inLanguage":"pt-BR","potentialAction":[{"@type":"ReadAction","target":["https:\/\/www.elciruelo.com\/pt-br\/acucar-uvas-de-mesa-indice-glicemico\/"]}]},{"@type":"ImageObject","inLanguage":"pt-BR","@id":"https:\/\/www.elciruelo.com\/pt-br\/acucar-uvas-de-mesa-indice-glicemico\/#primaryimage","url":"https:\/\/www.elciruelo.com\/wp-content\/uploads\/2026\/04\/Uvas-de-mesa-e-acucar.png","contentUrl":"https:\/\/www.elciruelo.com\/wp-content\/uploads\/2026\/04\/Uvas-de-mesa-e-acucar.png","width":1024,"height":1024,"caption":"uvas de mesa verdes frescas ricas em a\u00e7\u00facar natural e nutrientes"},{"@type":"BreadcrumbList","@id":"https:\/\/www.elciruelo.com\/pt-br\/acucar-uvas-de-mesa-indice-glicemico\/#breadcrumb","itemListElement":[{"@type":"ListItem","position":1,"name":"Home","item":"https:\/\/www.elciruelo.com\/pt-br\/"},{"@type":"ListItem","position":2,"name":"Uvas de mesa e a\u00e7\u00facar: quanto comer para aproveitar sem exagerar"}]},{"@type":"WebSite","@id":"https:\/\/www.elciruelo.com\/pt-br\/#website","url":"https:\/\/www.elciruelo.com\/pt-br\/","name":"El Ciruelo","description":"Productores de Uva de Mesa y Fruta de Hueso  ","publisher":{"@id":"https:\/\/www.elciruelo.com\/pt-br\/#organization"},"alternateName":"Ciruelo","potentialAction":[{"@type":"SearchAction","target":{"@type":"EntryPoint","urlTemplate":"https:\/\/www.elciruelo.com\/pt-br\/?s={search_term_string}"},"query-input":{"@type":"PropertyValueSpecification","valueRequired":true,"valueName":"search_term_string"}}],"inLanguage":"pt-BR"},{"@type":"Organization","@id":"https:\/\/www.elciruelo.com\/pt-br\/#organization","name":"El Ciruelo","alternateName":"Grupo El Ciruelo","url":"https:\/\/www.elciruelo.com\/pt-br\/","logo":{"@type":"ImageObject","inLanguage":"pt-BR","@id":"https:\/\/www.elciruelo.com\/pt-br\/#\/schema\/logo\/image\/","url":"https:\/\/www.elciruelo.com\/wp-content\/uploads\/2021\/09\/el-ciruelo-logo.png","contentUrl":"https:\/\/www.elciruelo.com\/wp-content\/uploads\/2021\/09\/el-ciruelo-logo.png","width":636,"height":174,"caption":"El Ciruelo"},"image":{"@id":"https:\/\/www.elciruelo.com\/pt-br\/#\/schema\/logo\/image\/"},"sameAs":["https:\/\/es-es.facebook.com\/ElCirueloSL\/","https:\/\/www.instagram.com\/elciruelofruits\/","https:\/\/www.tiktok.com\/@elciruelofruits","https:\/\/es.linkedin.com\/company\/grupoelciruelo"]},{"@type":"Person","@id":"https:\/\/www.elciruelo.com\/pt-br\/#\/schema\/person\/1fd1c03b7551a2d76c8e9ada5da3df46","name":"comunicacion_elciruelo","image":{"@type":"ImageObject","inLanguage":"pt-BR","@id":"https:\/\/secure.gravatar.com\/avatar\/38455aa28773382b217f7f58f0c7aad10f497083c594869fd416cff8e64367ab?s=96&d=mm&r=g","url":"https:\/\/secure.gravatar.com\/avatar\/38455aa28773382b217f7f58f0c7aad10f497083c594869fd416cff8e64367ab?s=96&d=mm&r=g","contentUrl":"https:\/\/secure.gravatar.com\/avatar\/38455aa28773382b217f7f58f0c7aad10f497083c594869fd416cff8e64367ab?s=96&d=mm&r=g","caption":"comunicacion_elciruelo"}}]}},"_links":{"self":[{"href":"https:\/\/www.elciruelo.com\/pt-br\/wp-json\/wp\/v2\/posts\/25605","targetHints":{"allow":["GET"]}}],"collection":[{"href":"https:\/\/www.elciruelo.com\/pt-br\/wp-json\/wp\/v2\/posts"}],"about":[{"href":"https:\/\/www.elciruelo.com\/pt-br\/wp-json\/wp\/v2\/types\/post"}],"author":[{"embeddable":true,"href":"https:\/\/www.elciruelo.com\/pt-br\/wp-json\/wp\/v2\/users\/28"}],"replies":[{"embeddable":true,"href":"https:\/\/www.elciruelo.com\/pt-br\/wp-json\/wp\/v2\/comments?post=25605"}],"version-history":[{"count":2,"href":"https:\/\/www.elciruelo.com\/pt-br\/wp-json\/wp\/v2\/posts\/25605\/revisions"}],"predecessor-version":[{"id":25612,"href":"https:\/\/www.elciruelo.com\/pt-br\/wp-json\/wp\/v2\/posts\/25605\/revisions\/25612"}],"wp:featuredmedia":[{"embeddable":true,"href":"https:\/\/www.elciruelo.com\/pt-br\/wp-json\/wp\/v2\/media\/25607"}],"wp:attachment":[{"href":"https:\/\/www.elciruelo.com\/pt-br\/wp-json\/wp\/v2\/media?parent=25605"}],"wp:term":[{"taxonomy":"category","embeddable":true,"href":"https:\/\/www.elciruelo.com\/pt-br\/wp-json\/wp\/v2\/categories?post=25605"},{"taxonomy":"post_tag","embeddable":true,"href":"https:\/\/www.elciruelo.com\/pt-br\/wp-json\/wp\/v2\/tags?post=25605"}],"curies":[{"name":"wp","href":"https:\/\/api.w.org\/{rel}","templated":true}]}}