{"id":7568,"date":"2022-11-28T14:57:50","date_gmt":"2022-11-28T13:57:50","guid":{"rendered":"https:\/\/www.elciruelo.com\/?p=7568"},"modified":"2026-02-25T12:02:24","modified_gmt":"2026-02-25T11:02:24","slug":"receita-de-uvas-de-el-ciruelo-carapinhada","status":"publish","type":"post","link":"https:\/\/www.elciruelo.com\/pt-br\/receita-de-uvas-de-el-ciruelo-carapinhada\/","title":{"rendered":"Receita de uvas de El Ciruelo carapinhada"},"content":{"rendered":"<p><span style=\"font-weight: 400;\">Cheira a frio, a passeios \u00e0 tarde pelas bancas que t\u00eam produtos t\u00edpicos desta \u00e9poca do ano. Castanhas assadas, amendoins ou am\u00eandoas caramelizadas.<\/span><\/p>\n<p><span style=\"font-weight: 400;\">Voc\u00ea sabe de onde v\u00eam os amendoins cristalizados? Dizem que podiam vir do antigo Egipto, onde j\u00e1 se fazia este tipo de sementes cristalizadas, mas em vez de usarem a\u00e7\u00facar, usavam mel para ado\u00e7ar ou mesmo caramelizar as nozes.<\/span><\/p>\n<p><span style=\"font-weight: 400;\">A palavra garrapinhada vem de &#8220;garapinhada&#8221; e &#8220;garapinhar&#8221; \u00e9 chamado a a\u00e7\u00e3o de banhar o alimento com calda para que ele se solidifique. Este doce \u00e9 um cl\u00e1ssico na mesa de Natal das fam\u00edlias, embora tamb\u00e9m seja consumido no resto do ano em grande parte do continente americano.<\/span><\/p>\n<p><span style=\"font-weight: 400;\">Amendoim cristalizado e pralin\u00e9 n\u00e3o \u00e9 a mesma coisa! Para fazer o pralin\u00e9, primeiro faz o caramelo (seco ou a partir da calda) e, uma vez atingido o ponto, adicionam os frutos secos. Com isso, obt\u00e9m-se uma prepara\u00e7\u00e3o transl\u00facida e cristalina, que \u00e9 ent\u00e3o triturada. J\u00e1 para o pralin\u00e9, busca a t\u00e3o temida cristaliza\u00e7\u00e3o do a\u00e7\u00facar.<\/span><\/p>\n<p><span style=\"font-weight: 400;\">Existem diferentes produtos que voc\u00ea pode fazer caramelizados, como nozes, mas voc\u00ea j\u00e1 experimentou frutas caramelizadas? Trouxemos uma receita que todos v\u00e3o querer ter consigo!<\/span><\/p>\n<p><span style=\"font-weight: 400;\">Uvas. Uvas caramelizadas. Esta \u00e9 uma op\u00e7\u00e3o saborosa e saud\u00e1vel na medida certa. A seguir, mostramos como faz\u00ea-la.<\/span><\/p>\n<h3>Ingredientes:<\/h3>\n<ul>\n<li><span style=\"font-weight: 400;\"> 20 gr\u00e3os de uva de El Ciruelo sem sementes<\/span><\/li>\n<li><span style=\"font-weight: 400;\"> 1 lata de leite condensado<\/span><\/li>\n<li><span style=\"font-weight: 400;\"> 2 colheres de manteiga<\/span><\/li>\n<li><span style=\"font-weight: 400;\"> 1\/2 x\u00edcara de nozes mo\u00eddas<\/span><\/li>\n<li><span style=\"font-weight: 400;\"> A\u00e7\u00facar de confeiteiro a gosto<\/span><\/li>\n<\/ul>\n<h3>Elabora\u00e7\u00e3o:<\/h3>\n<ol>\n<li><span style=\"font-weight: 400;\">Em uma panela, aque\u00e7a o leite condensado com a manteiga, no fogo baixo, mexendo sempre, at\u00e9 que a mistura se separe do fundo do recipiente.<\/span><\/li>\n<li><span style=\"font-weight: 400;\">Retire do fogo e adicione as nozes.<\/span><\/li>\n<li><span style=\"font-weight: 400;\">Despeje a mistura em uma tigela e deixe esfriar.<\/span><\/li>\n<li><span style=\"font-weight: 400;\">Com as m\u00e3os mergulhadas no \u00f3leo, forme 20 bolas e insira uma uva em cada uma.<\/span><\/li>\n<li><span style=\"font-weight: 400;\">Polvilhe com o a\u00e7\u00facar.<\/span><\/li>\n<li><span style=\"font-weight: 400;\">Aproveite!<\/span><\/li>\n<\/ol>\n<p><span style=\"font-weight: 400;\">\u00a0<\/span><\/p>\n<p><span style=\"font-weight: 400;\">N\u00e3o deixe de nos seguir em nossas redes sociais @elciruelofruits e @Doceuva_br e nos mostrar como ficou essa super receita para voc\u00ea!<\/span><\/p>\n\n\n<p><\/p>\n","protected":false},"excerpt":{"rendered":"<p>Cheira a frio, a passeios \u00e0 tarde pelas bancas que t\u00eam produtos t\u00edpicos desta \u00e9poca do ano. Castanhas assadas, amendoins ou am\u00eandoas caramelizadas. Voc\u00ea sabe de onde v\u00eam os amendoins cristalizados? Dizem que podiam vir do antigo Egipto, onde j\u00e1 se fazia este tipo de sementes cristalizadas, mas em vez de usarem a\u00e7\u00facar, usavam mel [&hellip;]<\/p>\n","protected":false},"author":8,"featured_media":24788,"comment_status":"closed","ping_status":"closed","sticky":false,"template":"","format":"standard","meta":{"_acf_changed":false,"footnotes":""},"categories":[38,37],"tags":[],"class_list":["post-7568","post","type-post","status-publish","format-standard","has-post-thumbnail","hentry","category-receitas-com-uva","category-receitas"],"acf":[],"yoast_head":"<!-- This site is optimized with the Yoast SEO plugin v27.4 - https:\/\/yoast.com\/product\/yoast-seo-wordpress\/ -->\n<title>Receita de uvas de El Ciruelo carapinhada<\/title>\n<meta name=\"description\" content=\"Aprenda a preparar uvas caramelizadas com nozes, um doce f\u00e1cil, cremoso e perfeito para o Natal ou ocasi\u00f5es especiais.\" \/>\n<meta name=\"robots\" content=\"index, follow, max-snippet:-1, max-image-preview:large, max-video-preview:-1\" \/>\n<link rel=\"canonical\" href=\"https:\/\/www.elciruelo.com\/pt-br\/receita-de-uvas-de-el-ciruelo-carapinhada\/\" \/>\n<meta property=\"og:locale\" content=\"pt_BR\" \/>\n<meta property=\"og:type\" content=\"article\" \/>\n<meta property=\"og:title\" content=\"Receita de uvas de El Ciruelo carapinhada\" \/>\n<meta property=\"og:description\" content=\"Aprenda a preparar uvas caramelizadas com nozes, um doce f\u00e1cil, cremoso e perfeito para o Natal ou ocasi\u00f5es especiais.\" \/>\n<meta property=\"og:url\" content=\"https:\/\/www.elciruelo.com\/pt-br\/receita-de-uvas-de-el-ciruelo-carapinhada\/\" \/>\n<meta property=\"og:site_name\" content=\"El Ciruelo\" \/>\n<meta property=\"article:publisher\" content=\"https:\/\/es-es.facebook.com\/ElCirueloSL\/\" \/>\n<meta property=\"article:published_time\" content=\"2022-11-28T13:57:50+00:00\" \/>\n<meta property=\"article:modified_time\" content=\"2026-02-25T11:02:24+00:00\" \/>\n<meta property=\"og:image\" content=\"https:\/\/www.elciruelo.com\/wp-content\/uploads\/2022\/11\/Captura-de-pantalla-2026-02-25-120259.png\" \/>\n\t<meta property=\"og:image:width\" content=\"512\" \/>\n\t<meta property=\"og:image:height\" content=\"510\" \/>\n\t<meta property=\"og:image:type\" content=\"image\/png\" \/>\n<meta name=\"author\" content=\"Fuensanta\" \/>\n<meta name=\"twitter:card\" content=\"summary_large_image\" \/>\n<meta name=\"twitter:label1\" content=\"Escrito por\" \/>\n\t<meta name=\"twitter:data1\" content=\"Fuensanta\" \/>\n\t<meta name=\"twitter:label2\" content=\"Est. tempo de leitura\" \/>\n\t<meta name=\"twitter:data2\" content=\"2 minutos\" \/>\n<script type=\"application\/ld+json\" class=\"yoast-schema-graph\">{\"@context\":\"https:\\\/\\\/schema.org\",\"@graph\":[{\"@type\":\"Article\",\"@id\":\"https:\\\/\\\/www.elciruelo.com\\\/pt-br\\\/receita-de-uvas-de-el-ciruelo-carapinhada\\\/#article\",\"isPartOf\":{\"@id\":\"https:\\\/\\\/www.elciruelo.com\\\/pt-br\\\/receita-de-uvas-de-el-ciruelo-carapinhada\\\/\"},\"author\":{\"name\":\"Fuensanta\",\"@id\":\"https:\\\/\\\/www.elciruelo.com\\\/pt-br\\\/#\\\/schema\\\/person\\\/e44508457304ebec8eaf7bb8b3daee1c\"},\"headline\":\"Receita de uvas de El Ciruelo carapinhada\",\"datePublished\":\"2022-11-28T13:57:50+00:00\",\"dateModified\":\"2026-02-25T11:02:24+00:00\",\"mainEntityOfPage\":{\"@id\":\"https:\\\/\\\/www.elciruelo.com\\\/pt-br\\\/receita-de-uvas-de-el-ciruelo-carapinhada\\\/\"},\"wordCount\":351,\"publisher\":{\"@id\":\"https:\\\/\\\/www.elciruelo.com\\\/pt-br\\\/#organization\"},\"image\":{\"@id\":\"https:\\\/\\\/www.elciruelo.com\\\/pt-br\\\/receita-de-uvas-de-el-ciruelo-carapinhada\\\/#primaryimage\"},\"thumbnailUrl\":\"https:\\\/\\\/www.elciruelo.com\\\/wp-content\\\/uploads\\\/2022\\\/11\\\/Captura-de-pantalla-2026-02-25-120259.png\",\"articleSection\":[\"Receitas com uva\",\"Receitas de fruta\"],\"inLanguage\":\"pt-BR\"},{\"@type\":\"WebPage\",\"@id\":\"https:\\\/\\\/www.elciruelo.com\\\/pt-br\\\/receita-de-uvas-de-el-ciruelo-carapinhada\\\/\",\"url\":\"https:\\\/\\\/www.elciruelo.com\\\/pt-br\\\/receita-de-uvas-de-el-ciruelo-carapinhada\\\/\",\"name\":\"Receita de uvas de El Ciruelo carapinhada\",\"isPartOf\":{\"@id\":\"https:\\\/\\\/www.elciruelo.com\\\/pt-br\\\/#website\"},\"primaryImageOfPage\":{\"@id\":\"https:\\\/\\\/www.elciruelo.com\\\/pt-br\\\/receita-de-uvas-de-el-ciruelo-carapinhada\\\/#primaryimage\"},\"image\":{\"@id\":\"https:\\\/\\\/www.elciruelo.com\\\/pt-br\\\/receita-de-uvas-de-el-ciruelo-carapinhada\\\/#primaryimage\"},\"thumbnailUrl\":\"https:\\\/\\\/www.elciruelo.com\\\/wp-content\\\/uploads\\\/2022\\\/11\\\/Captura-de-pantalla-2026-02-25-120259.png\",\"datePublished\":\"2022-11-28T13:57:50+00:00\",\"dateModified\":\"2026-02-25T11:02:24+00:00\",\"description\":\"Aprenda a preparar uvas caramelizadas com nozes, um doce f\u00e1cil, cremoso e perfeito para o Natal ou ocasi\u00f5es especiais.\",\"breadcrumb\":{\"@id\":\"https:\\\/\\\/www.elciruelo.com\\\/pt-br\\\/receita-de-uvas-de-el-ciruelo-carapinhada\\\/#breadcrumb\"},\"inLanguage\":\"pt-BR\",\"potentialAction\":[{\"@type\":\"ReadAction\",\"target\":[\"https:\\\/\\\/www.elciruelo.com\\\/pt-br\\\/receita-de-uvas-de-el-ciruelo-carapinhada\\\/\"]}]},{\"@type\":\"ImageObject\",\"inLanguage\":\"pt-BR\",\"@id\":\"https:\\\/\\\/www.elciruelo.com\\\/pt-br\\\/receita-de-uvas-de-el-ciruelo-carapinhada\\\/#primaryimage\",\"url\":\"https:\\\/\\\/www.elciruelo.com\\\/wp-content\\\/uploads\\\/2022\\\/11\\\/Captura-de-pantalla-2026-02-25-120259.png\",\"contentUrl\":\"https:\\\/\\\/www.elciruelo.com\\\/wp-content\\\/uploads\\\/2022\\\/11\\\/Captura-de-pantalla-2026-02-25-120259.png\",\"width\":512,\"height\":510},{\"@type\":\"BreadcrumbList\",\"@id\":\"https:\\\/\\\/www.elciruelo.com\\\/pt-br\\\/receita-de-uvas-de-el-ciruelo-carapinhada\\\/#breadcrumb\",\"itemListElement\":[{\"@type\":\"ListItem\",\"position\":1,\"name\":\"Home\",\"item\":\"https:\\\/\\\/www.elciruelo.com\\\/pt-br\\\/\"},{\"@type\":\"ListItem\",\"position\":2,\"name\":\"Receita de uvas de El Ciruelo carapinhada\"}]},{\"@type\":\"WebSite\",\"@id\":\"https:\\\/\\\/www.elciruelo.com\\\/pt-br\\\/#website\",\"url\":\"https:\\\/\\\/www.elciruelo.com\\\/pt-br\\\/\",\"name\":\"El Ciruelo\",\"description\":\"Productores de Uva de Mesa y Fruta de Hueso  \",\"publisher\":{\"@id\":\"https:\\\/\\\/www.elciruelo.com\\\/pt-br\\\/#organization\"},\"alternateName\":\"Ciruelo\",\"potentialAction\":[{\"@type\":\"SearchAction\",\"target\":{\"@type\":\"EntryPoint\",\"urlTemplate\":\"https:\\\/\\\/www.elciruelo.com\\\/pt-br\\\/?s={search_term_string}\"},\"query-input\":{\"@type\":\"PropertyValueSpecification\",\"valueRequired\":true,\"valueName\":\"search_term_string\"}}],\"inLanguage\":\"pt-BR\"},{\"@type\":\"Organization\",\"@id\":\"https:\\\/\\\/www.elciruelo.com\\\/pt-br\\\/#organization\",\"name\":\"El Ciruelo\",\"alternateName\":\"Grupo El Ciruelo\",\"url\":\"https:\\\/\\\/www.elciruelo.com\\\/pt-br\\\/\",\"logo\":{\"@type\":\"ImageObject\",\"inLanguage\":\"pt-BR\",\"@id\":\"https:\\\/\\\/www.elciruelo.com\\\/pt-br\\\/#\\\/schema\\\/logo\\\/image\\\/\",\"url\":\"https:\\\/\\\/www.elciruelo.com\\\/wp-content\\\/uploads\\\/2021\\\/09\\\/el-ciruelo-logo.png\",\"contentUrl\":\"https:\\\/\\\/www.elciruelo.com\\\/wp-content\\\/uploads\\\/2021\\\/09\\\/el-ciruelo-logo.png\",\"width\":636,\"height\":174,\"caption\":\"El Ciruelo\"},\"image\":{\"@id\":\"https:\\\/\\\/www.elciruelo.com\\\/pt-br\\\/#\\\/schema\\\/logo\\\/image\\\/\"},\"sameAs\":[\"https:\\\/\\\/es-es.facebook.com\\\/ElCirueloSL\\\/\",\"https:\\\/\\\/www.instagram.com\\\/elciruelofruits\\\/\",\"https:\\\/\\\/www.tiktok.com\\\/@elciruelofruits\",\"https:\\\/\\\/es.linkedin.com\\\/company\\\/grupoelciruelo\"]},{\"@type\":\"Person\",\"@id\":\"https:\\\/\\\/www.elciruelo.com\\\/pt-br\\\/#\\\/schema\\\/person\\\/e44508457304ebec8eaf7bb8b3daee1c\",\"name\":\"Fuensanta\",\"image\":{\"@type\":\"ImageObject\",\"inLanguage\":\"pt-BR\",\"@id\":\"https:\\\/\\\/secure.gravatar.com\\\/avatar\\\/c60baf35d66daf203a16c7ce158bb1ac4276ce791f9d2fc3489399869cdb5a3d?s=96&d=mm&r=g\",\"url\":\"https:\\\/\\\/secure.gravatar.com\\\/avatar\\\/c60baf35d66daf203a16c7ce158bb1ac4276ce791f9d2fc3489399869cdb5a3d?s=96&d=mm&r=g\",\"contentUrl\":\"https:\\\/\\\/secure.gravatar.com\\\/avatar\\\/c60baf35d66daf203a16c7ce158bb1ac4276ce791f9d2fc3489399869cdb5a3d?s=96&d=mm&r=g\",\"caption\":\"Fuensanta\"}}]}<\/script>\n<!-- \/ Yoast SEO plugin. -->","yoast_head_json":{"title":"Receita de uvas de El Ciruelo carapinhada","description":"Aprenda a preparar uvas caramelizadas com nozes, um doce f\u00e1cil, cremoso e perfeito para o Natal ou ocasi\u00f5es especiais.","robots":{"index":"index","follow":"follow","max-snippet":"max-snippet:-1","max-image-preview":"max-image-preview:large","max-video-preview":"max-video-preview:-1"},"canonical":"https:\/\/www.elciruelo.com\/pt-br\/receita-de-uvas-de-el-ciruelo-carapinhada\/","og_locale":"pt_BR","og_type":"article","og_title":"Receita de uvas de El Ciruelo carapinhada","og_description":"Aprenda a preparar uvas caramelizadas com nozes, um doce f\u00e1cil, cremoso e perfeito para o Natal ou ocasi\u00f5es especiais.","og_url":"https:\/\/www.elciruelo.com\/pt-br\/receita-de-uvas-de-el-ciruelo-carapinhada\/","og_site_name":"El Ciruelo","article_publisher":"https:\/\/es-es.facebook.com\/ElCirueloSL\/","article_published_time":"2022-11-28T13:57:50+00:00","article_modified_time":"2026-02-25T11:02:24+00:00","og_image":[{"width":512,"height":510,"url":"https:\/\/www.elciruelo.com\/wp-content\/uploads\/2022\/11\/Captura-de-pantalla-2026-02-25-120259.png","type":"image\/png"}],"author":"Fuensanta","twitter_card":"summary_large_image","twitter_misc":{"Escrito por":"Fuensanta","Est. tempo de leitura":"2 minutos"},"schema":{"@context":"https:\/\/schema.org","@graph":[{"@type":"Article","@id":"https:\/\/www.elciruelo.com\/pt-br\/receita-de-uvas-de-el-ciruelo-carapinhada\/#article","isPartOf":{"@id":"https:\/\/www.elciruelo.com\/pt-br\/receita-de-uvas-de-el-ciruelo-carapinhada\/"},"author":{"name":"Fuensanta","@id":"https:\/\/www.elciruelo.com\/pt-br\/#\/schema\/person\/e44508457304ebec8eaf7bb8b3daee1c"},"headline":"Receita de uvas de El Ciruelo carapinhada","datePublished":"2022-11-28T13:57:50+00:00","dateModified":"2026-02-25T11:02:24+00:00","mainEntityOfPage":{"@id":"https:\/\/www.elciruelo.com\/pt-br\/receita-de-uvas-de-el-ciruelo-carapinhada\/"},"wordCount":351,"publisher":{"@id":"https:\/\/www.elciruelo.com\/pt-br\/#organization"},"image":{"@id":"https:\/\/www.elciruelo.com\/pt-br\/receita-de-uvas-de-el-ciruelo-carapinhada\/#primaryimage"},"thumbnailUrl":"https:\/\/www.elciruelo.com\/wp-content\/uploads\/2022\/11\/Captura-de-pantalla-2026-02-25-120259.png","articleSection":["Receitas com uva","Receitas de fruta"],"inLanguage":"pt-BR"},{"@type":"WebPage","@id":"https:\/\/www.elciruelo.com\/pt-br\/receita-de-uvas-de-el-ciruelo-carapinhada\/","url":"https:\/\/www.elciruelo.com\/pt-br\/receita-de-uvas-de-el-ciruelo-carapinhada\/","name":"Receita de uvas de El Ciruelo carapinhada","isPartOf":{"@id":"https:\/\/www.elciruelo.com\/pt-br\/#website"},"primaryImageOfPage":{"@id":"https:\/\/www.elciruelo.com\/pt-br\/receita-de-uvas-de-el-ciruelo-carapinhada\/#primaryimage"},"image":{"@id":"https:\/\/www.elciruelo.com\/pt-br\/receita-de-uvas-de-el-ciruelo-carapinhada\/#primaryimage"},"thumbnailUrl":"https:\/\/www.elciruelo.com\/wp-content\/uploads\/2022\/11\/Captura-de-pantalla-2026-02-25-120259.png","datePublished":"2022-11-28T13:57:50+00:00","dateModified":"2026-02-25T11:02:24+00:00","description":"Aprenda a preparar uvas caramelizadas com nozes, um doce f\u00e1cil, cremoso e perfeito para o Natal ou ocasi\u00f5es especiais.","breadcrumb":{"@id":"https:\/\/www.elciruelo.com\/pt-br\/receita-de-uvas-de-el-ciruelo-carapinhada\/#breadcrumb"},"inLanguage":"pt-BR","potentialAction":[{"@type":"ReadAction","target":["https:\/\/www.elciruelo.com\/pt-br\/receita-de-uvas-de-el-ciruelo-carapinhada\/"]}]},{"@type":"ImageObject","inLanguage":"pt-BR","@id":"https:\/\/www.elciruelo.com\/pt-br\/receita-de-uvas-de-el-ciruelo-carapinhada\/#primaryimage","url":"https:\/\/www.elciruelo.com\/wp-content\/uploads\/2022\/11\/Captura-de-pantalla-2026-02-25-120259.png","contentUrl":"https:\/\/www.elciruelo.com\/wp-content\/uploads\/2022\/11\/Captura-de-pantalla-2026-02-25-120259.png","width":512,"height":510},{"@type":"BreadcrumbList","@id":"https:\/\/www.elciruelo.com\/pt-br\/receita-de-uvas-de-el-ciruelo-carapinhada\/#breadcrumb","itemListElement":[{"@type":"ListItem","position":1,"name":"Home","item":"https:\/\/www.elciruelo.com\/pt-br\/"},{"@type":"ListItem","position":2,"name":"Receita de uvas de El Ciruelo carapinhada"}]},{"@type":"WebSite","@id":"https:\/\/www.elciruelo.com\/pt-br\/#website","url":"https:\/\/www.elciruelo.com\/pt-br\/","name":"El Ciruelo","description":"Productores de Uva de Mesa y Fruta de Hueso  ","publisher":{"@id":"https:\/\/www.elciruelo.com\/pt-br\/#organization"},"alternateName":"Ciruelo","potentialAction":[{"@type":"SearchAction","target":{"@type":"EntryPoint","urlTemplate":"https:\/\/www.elciruelo.com\/pt-br\/?s={search_term_string}"},"query-input":{"@type":"PropertyValueSpecification","valueRequired":true,"valueName":"search_term_string"}}],"inLanguage":"pt-BR"},{"@type":"Organization","@id":"https:\/\/www.elciruelo.com\/pt-br\/#organization","name":"El Ciruelo","alternateName":"Grupo El Ciruelo","url":"https:\/\/www.elciruelo.com\/pt-br\/","logo":{"@type":"ImageObject","inLanguage":"pt-BR","@id":"https:\/\/www.elciruelo.com\/pt-br\/#\/schema\/logo\/image\/","url":"https:\/\/www.elciruelo.com\/wp-content\/uploads\/2021\/09\/el-ciruelo-logo.png","contentUrl":"https:\/\/www.elciruelo.com\/wp-content\/uploads\/2021\/09\/el-ciruelo-logo.png","width":636,"height":174,"caption":"El Ciruelo"},"image":{"@id":"https:\/\/www.elciruelo.com\/pt-br\/#\/schema\/logo\/image\/"},"sameAs":["https:\/\/es-es.facebook.com\/ElCirueloSL\/","https:\/\/www.instagram.com\/elciruelofruits\/","https:\/\/www.tiktok.com\/@elciruelofruits","https:\/\/es.linkedin.com\/company\/grupoelciruelo"]},{"@type":"Person","@id":"https:\/\/www.elciruelo.com\/pt-br\/#\/schema\/person\/e44508457304ebec8eaf7bb8b3daee1c","name":"Fuensanta","image":{"@type":"ImageObject","inLanguage":"pt-BR","@id":"https:\/\/secure.gravatar.com\/avatar\/c60baf35d66daf203a16c7ce158bb1ac4276ce791f9d2fc3489399869cdb5a3d?s=96&d=mm&r=g","url":"https:\/\/secure.gravatar.com\/avatar\/c60baf35d66daf203a16c7ce158bb1ac4276ce791f9d2fc3489399869cdb5a3d?s=96&d=mm&r=g","contentUrl":"https:\/\/secure.gravatar.com\/avatar\/c60baf35d66daf203a16c7ce158bb1ac4276ce791f9d2fc3489399869cdb5a3d?s=96&d=mm&r=g","caption":"Fuensanta"}}]}},"_links":{"self":[{"href":"https:\/\/www.elciruelo.com\/pt-br\/wp-json\/wp\/v2\/posts\/7568","targetHints":{"allow":["GET"]}}],"collection":[{"href":"https:\/\/www.elciruelo.com\/pt-br\/wp-json\/wp\/v2\/posts"}],"about":[{"href":"https:\/\/www.elciruelo.com\/pt-br\/wp-json\/wp\/v2\/types\/post"}],"author":[{"embeddable":true,"href":"https:\/\/www.elciruelo.com\/pt-br\/wp-json\/wp\/v2\/users\/8"}],"replies":[{"embeddable":true,"href":"https:\/\/www.elciruelo.com\/pt-br\/wp-json\/wp\/v2\/comments?post=7568"}],"version-history":[{"count":3,"href":"https:\/\/www.elciruelo.com\/pt-br\/wp-json\/wp\/v2\/posts\/7568\/revisions"}],"predecessor-version":[{"id":22807,"href":"https:\/\/www.elciruelo.com\/pt-br\/wp-json\/wp\/v2\/posts\/7568\/revisions\/22807"}],"wp:featuredmedia":[{"embeddable":true,"href":"https:\/\/www.elciruelo.com\/pt-br\/wp-json\/wp\/v2\/media\/24788"}],"wp:attachment":[{"href":"https:\/\/www.elciruelo.com\/pt-br\/wp-json\/wp\/v2\/media?parent=7568"}],"wp:term":[{"taxonomy":"category","embeddable":true,"href":"https:\/\/www.elciruelo.com\/pt-br\/wp-json\/wp\/v2\/categories?post=7568"},{"taxonomy":"post_tag","embeddable":true,"href":"https:\/\/www.elciruelo.com\/pt-br\/wp-json\/wp\/v2\/tags?post=7568"}],"curies":[{"name":"wp","href":"https:\/\/api.w.org\/{rel}","templated":true}]}}