{"id":7920,"date":"2023-03-03T15:33:26","date_gmt":"2023-03-03T14:33:26","guid":{"rendered":"https:\/\/www.elciruelo.com\/?p=7920"},"modified":"2026-02-11T13:40:53","modified_gmt":"2026-02-11T12:40:53","slug":"salada-de-uva-doce-sem-sementes","status":"publish","type":"post","link":"https:\/\/www.elciruelo.com\/pt-br\/salada-de-uva-doce-sem-sementes\/","title":{"rendered":"Salada de uva doce sem sementes"},"content":{"rendered":"<p><span style=\"font-weight: 400;\">\u00c9 importante que a salada seja rica e nutricionalmente completa, mas tamb\u00e9m \u00e9 importante que tenha uma apar\u00eancia atraente. Voc\u00ea j\u00e1 sabe o que dizem sobre quantas vezes &#8216;comemos com os olhos&#8217;, por isso uma boa apresenta\u00e7\u00e3o e harmonia de cores \u00e9 essencial na hora de preparar uma salada perfeita.<\/span><\/p>\n<p><span style=\"font-weight: 400;\">Devemos misturar o verde da base vegetal com outras cores, como o vermelho do tomate ou do pimento, o laranja da cenoura, o roxo da couve ou da cebola, enfim, qualquer fruta, legume ou outro tipo de alimentos saud\u00e1veis \u200b\u200bque podem dar uma cor extra e que cabem bem no prato.<\/span><\/p>\n<p><span style=\"font-weight: 400;\">Al\u00e9m de combinar as cores, tamb\u00e9m \u00e9 importante combinar bem as texturas da sua salada. \u00c9 sempre recomend\u00e1vel adicionar algo crocante \u00e0 salada, como nozes ou alguma fruta que forne\u00e7a essa textura, como ma\u00e7\u00e3s em cubos pequenos. Esses ingredientes crocantes se complementam perfeitamente com os mais macios e o resultado \u00e9 uma textura perfeita para o paladar.<\/span><\/p>\n<p><span style=\"font-weight: 400;\">J\u00e1 comentamos que a Uva pode dar um toque frutado tanto a pratos salgados quanto a doces. Neste caso, as Uvas s\u00e3o o ingrediente principal de uma salada doce que pode ser consumida como aperitivo ou como sobremesa que, servida fria, ser\u00e1 perfeita para um dia quente de primavera ou ver\u00e3o.<\/span><\/p>\n<h3><b>Ingredientes:<\/b><\/h3>\n<ul>\n<li data-start=\"562\" data-end=\"612\">\n<p data-start=\"564\" data-end=\"612\">500 g de uvas brancas e vermelhas sem sementes<\/p>\n<\/li>\n<li data-start=\"613\" data-end=\"650\">\n<p data-start=\"615\" data-end=\"650\">1 x\u00edcara (240 g) de iogurte grego<\/p>\n<\/li>\n<li data-start=\"651\" data-end=\"694\">\n<p data-start=\"653\" data-end=\"694\">1\/2 x\u00edcara (120 g) de requeij\u00e3o cremoso<\/p>\n<\/li>\n<li data-start=\"695\" data-end=\"738\">\n<p data-start=\"697\" data-end=\"738\">1 colher de ch\u00e1 de ess\u00eancia de baunilha<\/p>\n<\/li>\n<li data-start=\"739\" data-end=\"781\">\n<p data-start=\"741\" data-end=\"781\">2 colheres de sopa de mel (ou a gosto)<\/p>\n<\/li>\n<li data-start=\"782\" data-end=\"822\">\n<p data-start=\"784\" data-end=\"822\">2 colheres de sopa de a\u00e7\u00facar mascavo<\/p>\n<\/li>\n<li data-start=\"823\" data-end=\"870\">\n<p data-start=\"825\" data-end=\"870\">1\/3 x\u00edcara (40 g) de nozes torradas picadas<\/p>\n<\/li>\n<\/ul>\n<h3><strong>Prepara\u00e7\u00e3o:<\/strong><\/h3>\n<p><span style=\"font-weight: 400;\">Misture as uvas brancas e vermelhas em uma tigela ou saladeira e acrescente o iogurte grego e um pouco de mel para ado\u00e7ar.<\/span><\/p>\n<p><span style=\"font-weight: 400;\">Em seguida, adicione o cream cheese com uma colher de ch\u00e1 de baunilha e misture tudo com as Uvas.<\/span><\/p>\n<p><span style=\"font-weight: 400;\">Leve \u00e0 geladeira e, antes de servir, acrescente um pouco de a\u00e7\u00facar mascavo e as nozes torradas.<\/span><\/p>\n<p><span style=\"font-weight: 400;\">Compartilhe conosco como ficou sua receita em nossas redes sociais @elciruelofruits ou @doceuva_br!<\/span><\/p>\n","protected":false},"excerpt":{"rendered":"<p>\u00c9 importante que a salada seja rica e nutricionalmente completa, mas tamb\u00e9m \u00e9 importante que tenha uma apar\u00eancia atraente. Voc\u00ea j\u00e1 sabe o que dizem sobre quantas vezes &#8216;comemos com os olhos&#8217;, por isso uma boa apresenta\u00e7\u00e3o e harmonia de cores \u00e9 essencial na hora de preparar uma salada perfeita. Devemos misturar o verde da [&hellip;]<\/p>\n","protected":false},"author":8,"featured_media":7916,"comment_status":"closed","ping_status":"closed","sticky":false,"template":"","format":"standard","meta":{"_acf_changed":false,"footnotes":""},"categories":[38,37],"tags":[],"class_list":["post-7920","post","type-post","status-publish","format-standard","has-post-thumbnail","hentry","category-receitas-com-uva","category-receitas"],"acf":[],"yoast_head":"<!-- This site is optimized with the Yoast SEO plugin v27.4 - https:\/\/yoast.com\/product\/yoast-seo-wordpress\/ -->\n<title>Salada de uva doce sem sementes - El Ciruelo<\/title>\n<meta name=\"description\" content=\"Prepare uma deliciosa salada doce de uvas com iogurte grego, requeij\u00e3o cremoso e nozes torradas. Uma sobremesa f\u00e1cil e refrescante.\" \/>\n<meta name=\"robots\" content=\"index, follow, max-snippet:-1, max-image-preview:large, max-video-preview:-1\" \/>\n<link rel=\"canonical\" href=\"https:\/\/www.elciruelo.com\/pt-br\/salada-de-uva-doce-sem-sementes\/\" \/>\n<meta property=\"og:locale\" content=\"pt_BR\" \/>\n<meta property=\"og:type\" content=\"article\" \/>\n<meta property=\"og:title\" content=\"Salada de uva doce sem sementes - El Ciruelo\" \/>\n<meta property=\"og:description\" content=\"Prepare uma deliciosa salada doce de uvas com iogurte grego, requeij\u00e3o cremoso e nozes torradas. Uma sobremesa f\u00e1cil e refrescante.\" \/>\n<meta property=\"og:url\" content=\"https:\/\/www.elciruelo.com\/pt-br\/salada-de-uva-doce-sem-sementes\/\" \/>\n<meta property=\"og:site_name\" content=\"El Ciruelo\" \/>\n<meta property=\"article:publisher\" content=\"https:\/\/es-es.facebook.com\/ElCirueloSL\/\" \/>\n<meta property=\"article:published_time\" content=\"2023-03-03T14:33:26+00:00\" \/>\n<meta property=\"article:modified_time\" content=\"2026-02-11T12:40:53+00:00\" \/>\n<meta property=\"og:image\" content=\"https:\/\/www.elciruelo.com\/wp-content\/uploads\/2023\/03\/Ensalada-Uvas.jpg\" \/>\n\t<meta property=\"og:image:width\" content=\"1080\" \/>\n\t<meta property=\"og:image:height\" content=\"1080\" \/>\n\t<meta property=\"og:image:type\" content=\"image\/jpeg\" \/>\n<meta name=\"author\" content=\"Fuensanta\" \/>\n<meta name=\"twitter:card\" content=\"summary_large_image\" \/>\n<meta name=\"twitter:label1\" content=\"Escrito por\" \/>\n\t<meta name=\"twitter:data1\" content=\"Fuensanta\" \/>\n\t<meta name=\"twitter:label2\" content=\"Est. tempo de leitura\" \/>\n\t<meta name=\"twitter:data2\" content=\"2 minutos\" \/>\n<script type=\"application\/ld+json\" class=\"yoast-schema-graph\">{\"@context\":\"https:\\\/\\\/schema.org\",\"@graph\":[{\"@type\":\"Article\",\"@id\":\"https:\\\/\\\/www.elciruelo.com\\\/pt-br\\\/salada-de-uva-doce-sem-sementes\\\/#article\",\"isPartOf\":{\"@id\":\"https:\\\/\\\/www.elciruelo.com\\\/pt-br\\\/salada-de-uva-doce-sem-sementes\\\/\"},\"author\":{\"name\":\"Fuensanta\",\"@id\":\"https:\\\/\\\/www.elciruelo.com\\\/pt-br\\\/#\\\/schema\\\/person\\\/e44508457304ebec8eaf7bb8b3daee1c\"},\"headline\":\"Salada de uva doce sem sementes\",\"datePublished\":\"2023-03-03T14:33:26+00:00\",\"dateModified\":\"2026-02-11T12:40:53+00:00\",\"mainEntityOfPage\":{\"@id\":\"https:\\\/\\\/www.elciruelo.com\\\/pt-br\\\/salada-de-uva-doce-sem-sementes\\\/\"},\"wordCount\":347,\"publisher\":{\"@id\":\"https:\\\/\\\/www.elciruelo.com\\\/pt-br\\\/#organization\"},\"image\":{\"@id\":\"https:\\\/\\\/www.elciruelo.com\\\/pt-br\\\/salada-de-uva-doce-sem-sementes\\\/#primaryimage\"},\"thumbnailUrl\":\"https:\\\/\\\/www.elciruelo.com\\\/wp-content\\\/uploads\\\/2023\\\/03\\\/Ensalada-Uvas.jpg\",\"articleSection\":[\"Receitas com uva\",\"Receitas de fruta\"],\"inLanguage\":\"pt-BR\"},{\"@type\":\"WebPage\",\"@id\":\"https:\\\/\\\/www.elciruelo.com\\\/pt-br\\\/salada-de-uva-doce-sem-sementes\\\/\",\"url\":\"https:\\\/\\\/www.elciruelo.com\\\/pt-br\\\/salada-de-uva-doce-sem-sementes\\\/\",\"name\":\"Salada de uva doce sem sementes - El Ciruelo\",\"isPartOf\":{\"@id\":\"https:\\\/\\\/www.elciruelo.com\\\/pt-br\\\/#website\"},\"primaryImageOfPage\":{\"@id\":\"https:\\\/\\\/www.elciruelo.com\\\/pt-br\\\/salada-de-uva-doce-sem-sementes\\\/#primaryimage\"},\"image\":{\"@id\":\"https:\\\/\\\/www.elciruelo.com\\\/pt-br\\\/salada-de-uva-doce-sem-sementes\\\/#primaryimage\"},\"thumbnailUrl\":\"https:\\\/\\\/www.elciruelo.com\\\/wp-content\\\/uploads\\\/2023\\\/03\\\/Ensalada-Uvas.jpg\",\"datePublished\":\"2023-03-03T14:33:26+00:00\",\"dateModified\":\"2026-02-11T12:40:53+00:00\",\"description\":\"Prepare uma deliciosa salada doce de uvas com iogurte grego, requeij\u00e3o cremoso e nozes torradas. Uma sobremesa f\u00e1cil e refrescante.\",\"breadcrumb\":{\"@id\":\"https:\\\/\\\/www.elciruelo.com\\\/pt-br\\\/salada-de-uva-doce-sem-sementes\\\/#breadcrumb\"},\"inLanguage\":\"pt-BR\",\"potentialAction\":[{\"@type\":\"ReadAction\",\"target\":[\"https:\\\/\\\/www.elciruelo.com\\\/pt-br\\\/salada-de-uva-doce-sem-sementes\\\/\"]}]},{\"@type\":\"ImageObject\",\"inLanguage\":\"pt-BR\",\"@id\":\"https:\\\/\\\/www.elciruelo.com\\\/pt-br\\\/salada-de-uva-doce-sem-sementes\\\/#primaryimage\",\"url\":\"https:\\\/\\\/www.elciruelo.com\\\/wp-content\\\/uploads\\\/2023\\\/03\\\/Ensalada-Uvas.jpg\",\"contentUrl\":\"https:\\\/\\\/www.elciruelo.com\\\/wp-content\\\/uploads\\\/2023\\\/03\\\/Ensalada-Uvas.jpg\",\"width\":1080,\"height\":1080},{\"@type\":\"BreadcrumbList\",\"@id\":\"https:\\\/\\\/www.elciruelo.com\\\/pt-br\\\/salada-de-uva-doce-sem-sementes\\\/#breadcrumb\",\"itemListElement\":[{\"@type\":\"ListItem\",\"position\":1,\"name\":\"Home\",\"item\":\"https:\\\/\\\/www.elciruelo.com\\\/pt-br\\\/\"},{\"@type\":\"ListItem\",\"position\":2,\"name\":\"Salada de uva doce sem sementes\"}]},{\"@type\":\"WebSite\",\"@id\":\"https:\\\/\\\/www.elciruelo.com\\\/pt-br\\\/#website\",\"url\":\"https:\\\/\\\/www.elciruelo.com\\\/pt-br\\\/\",\"name\":\"El Ciruelo\",\"description\":\"Productores de Uva de Mesa y Fruta de Hueso  \",\"publisher\":{\"@id\":\"https:\\\/\\\/www.elciruelo.com\\\/pt-br\\\/#organization\"},\"alternateName\":\"Ciruelo\",\"potentialAction\":[{\"@type\":\"SearchAction\",\"target\":{\"@type\":\"EntryPoint\",\"urlTemplate\":\"https:\\\/\\\/www.elciruelo.com\\\/pt-br\\\/?s={search_term_string}\"},\"query-input\":{\"@type\":\"PropertyValueSpecification\",\"valueRequired\":true,\"valueName\":\"search_term_string\"}}],\"inLanguage\":\"pt-BR\"},{\"@type\":\"Organization\",\"@id\":\"https:\\\/\\\/www.elciruelo.com\\\/pt-br\\\/#organization\",\"name\":\"El Ciruelo\",\"alternateName\":\"Grupo El Ciruelo\",\"url\":\"https:\\\/\\\/www.elciruelo.com\\\/pt-br\\\/\",\"logo\":{\"@type\":\"ImageObject\",\"inLanguage\":\"pt-BR\",\"@id\":\"https:\\\/\\\/www.elciruelo.com\\\/pt-br\\\/#\\\/schema\\\/logo\\\/image\\\/\",\"url\":\"https:\\\/\\\/www.elciruelo.com\\\/wp-content\\\/uploads\\\/2021\\\/09\\\/el-ciruelo-logo.png\",\"contentUrl\":\"https:\\\/\\\/www.elciruelo.com\\\/wp-content\\\/uploads\\\/2021\\\/09\\\/el-ciruelo-logo.png\",\"width\":636,\"height\":174,\"caption\":\"El Ciruelo\"},\"image\":{\"@id\":\"https:\\\/\\\/www.elciruelo.com\\\/pt-br\\\/#\\\/schema\\\/logo\\\/image\\\/\"},\"sameAs\":[\"https:\\\/\\\/es-es.facebook.com\\\/ElCirueloSL\\\/\",\"https:\\\/\\\/www.instagram.com\\\/elciruelofruits\\\/\",\"https:\\\/\\\/www.tiktok.com\\\/@elciruelofruits\",\"https:\\\/\\\/es.linkedin.com\\\/company\\\/grupoelciruelo\"]},{\"@type\":\"Person\",\"@id\":\"https:\\\/\\\/www.elciruelo.com\\\/pt-br\\\/#\\\/schema\\\/person\\\/e44508457304ebec8eaf7bb8b3daee1c\",\"name\":\"Fuensanta\",\"image\":{\"@type\":\"ImageObject\",\"inLanguage\":\"pt-BR\",\"@id\":\"https:\\\/\\\/secure.gravatar.com\\\/avatar\\\/c60baf35d66daf203a16c7ce158bb1ac4276ce791f9d2fc3489399869cdb5a3d?s=96&d=mm&r=g\",\"url\":\"https:\\\/\\\/secure.gravatar.com\\\/avatar\\\/c60baf35d66daf203a16c7ce158bb1ac4276ce791f9d2fc3489399869cdb5a3d?s=96&d=mm&r=g\",\"contentUrl\":\"https:\\\/\\\/secure.gravatar.com\\\/avatar\\\/c60baf35d66daf203a16c7ce158bb1ac4276ce791f9d2fc3489399869cdb5a3d?s=96&d=mm&r=g\",\"caption\":\"Fuensanta\"}}]}<\/script>\n<!-- \/ Yoast SEO plugin. -->","yoast_head_json":{"title":"Salada de uva doce sem sementes - El Ciruelo","description":"Prepare uma deliciosa salada doce de uvas com iogurte grego, requeij\u00e3o cremoso e nozes torradas. Uma sobremesa f\u00e1cil e refrescante.","robots":{"index":"index","follow":"follow","max-snippet":"max-snippet:-1","max-image-preview":"max-image-preview:large","max-video-preview":"max-video-preview:-1"},"canonical":"https:\/\/www.elciruelo.com\/pt-br\/salada-de-uva-doce-sem-sementes\/","og_locale":"pt_BR","og_type":"article","og_title":"Salada de uva doce sem sementes - El Ciruelo","og_description":"Prepare uma deliciosa salada doce de uvas com iogurte grego, requeij\u00e3o cremoso e nozes torradas. Uma sobremesa f\u00e1cil e refrescante.","og_url":"https:\/\/www.elciruelo.com\/pt-br\/salada-de-uva-doce-sem-sementes\/","og_site_name":"El Ciruelo","article_publisher":"https:\/\/es-es.facebook.com\/ElCirueloSL\/","article_published_time":"2023-03-03T14:33:26+00:00","article_modified_time":"2026-02-11T12:40:53+00:00","og_image":[{"width":1080,"height":1080,"url":"https:\/\/www.elciruelo.com\/wp-content\/uploads\/2023\/03\/Ensalada-Uvas.jpg","type":"image\/jpeg"}],"author":"Fuensanta","twitter_card":"summary_large_image","twitter_misc":{"Escrito por":"Fuensanta","Est. tempo de leitura":"2 minutos"},"schema":{"@context":"https:\/\/schema.org","@graph":[{"@type":"Article","@id":"https:\/\/www.elciruelo.com\/pt-br\/salada-de-uva-doce-sem-sementes\/#article","isPartOf":{"@id":"https:\/\/www.elciruelo.com\/pt-br\/salada-de-uva-doce-sem-sementes\/"},"author":{"name":"Fuensanta","@id":"https:\/\/www.elciruelo.com\/pt-br\/#\/schema\/person\/e44508457304ebec8eaf7bb8b3daee1c"},"headline":"Salada de uva doce sem sementes","datePublished":"2023-03-03T14:33:26+00:00","dateModified":"2026-02-11T12:40:53+00:00","mainEntityOfPage":{"@id":"https:\/\/www.elciruelo.com\/pt-br\/salada-de-uva-doce-sem-sementes\/"},"wordCount":347,"publisher":{"@id":"https:\/\/www.elciruelo.com\/pt-br\/#organization"},"image":{"@id":"https:\/\/www.elciruelo.com\/pt-br\/salada-de-uva-doce-sem-sementes\/#primaryimage"},"thumbnailUrl":"https:\/\/www.elciruelo.com\/wp-content\/uploads\/2023\/03\/Ensalada-Uvas.jpg","articleSection":["Receitas com uva","Receitas de fruta"],"inLanguage":"pt-BR"},{"@type":"WebPage","@id":"https:\/\/www.elciruelo.com\/pt-br\/salada-de-uva-doce-sem-sementes\/","url":"https:\/\/www.elciruelo.com\/pt-br\/salada-de-uva-doce-sem-sementes\/","name":"Salada de uva doce sem sementes - El Ciruelo","isPartOf":{"@id":"https:\/\/www.elciruelo.com\/pt-br\/#website"},"primaryImageOfPage":{"@id":"https:\/\/www.elciruelo.com\/pt-br\/salada-de-uva-doce-sem-sementes\/#primaryimage"},"image":{"@id":"https:\/\/www.elciruelo.com\/pt-br\/salada-de-uva-doce-sem-sementes\/#primaryimage"},"thumbnailUrl":"https:\/\/www.elciruelo.com\/wp-content\/uploads\/2023\/03\/Ensalada-Uvas.jpg","datePublished":"2023-03-03T14:33:26+00:00","dateModified":"2026-02-11T12:40:53+00:00","description":"Prepare uma deliciosa salada doce de uvas com iogurte grego, requeij\u00e3o cremoso e nozes torradas. Uma sobremesa f\u00e1cil e refrescante.","breadcrumb":{"@id":"https:\/\/www.elciruelo.com\/pt-br\/salada-de-uva-doce-sem-sementes\/#breadcrumb"},"inLanguage":"pt-BR","potentialAction":[{"@type":"ReadAction","target":["https:\/\/www.elciruelo.com\/pt-br\/salada-de-uva-doce-sem-sementes\/"]}]},{"@type":"ImageObject","inLanguage":"pt-BR","@id":"https:\/\/www.elciruelo.com\/pt-br\/salada-de-uva-doce-sem-sementes\/#primaryimage","url":"https:\/\/www.elciruelo.com\/wp-content\/uploads\/2023\/03\/Ensalada-Uvas.jpg","contentUrl":"https:\/\/www.elciruelo.com\/wp-content\/uploads\/2023\/03\/Ensalada-Uvas.jpg","width":1080,"height":1080},{"@type":"BreadcrumbList","@id":"https:\/\/www.elciruelo.com\/pt-br\/salada-de-uva-doce-sem-sementes\/#breadcrumb","itemListElement":[{"@type":"ListItem","position":1,"name":"Home","item":"https:\/\/www.elciruelo.com\/pt-br\/"},{"@type":"ListItem","position":2,"name":"Salada de uva doce sem sementes"}]},{"@type":"WebSite","@id":"https:\/\/www.elciruelo.com\/pt-br\/#website","url":"https:\/\/www.elciruelo.com\/pt-br\/","name":"El Ciruelo","description":"Productores de Uva de Mesa y Fruta de Hueso  ","publisher":{"@id":"https:\/\/www.elciruelo.com\/pt-br\/#organization"},"alternateName":"Ciruelo","potentialAction":[{"@type":"SearchAction","target":{"@type":"EntryPoint","urlTemplate":"https:\/\/www.elciruelo.com\/pt-br\/?s={search_term_string}"},"query-input":{"@type":"PropertyValueSpecification","valueRequired":true,"valueName":"search_term_string"}}],"inLanguage":"pt-BR"},{"@type":"Organization","@id":"https:\/\/www.elciruelo.com\/pt-br\/#organization","name":"El Ciruelo","alternateName":"Grupo El Ciruelo","url":"https:\/\/www.elciruelo.com\/pt-br\/","logo":{"@type":"ImageObject","inLanguage":"pt-BR","@id":"https:\/\/www.elciruelo.com\/pt-br\/#\/schema\/logo\/image\/","url":"https:\/\/www.elciruelo.com\/wp-content\/uploads\/2021\/09\/el-ciruelo-logo.png","contentUrl":"https:\/\/www.elciruelo.com\/wp-content\/uploads\/2021\/09\/el-ciruelo-logo.png","width":636,"height":174,"caption":"El Ciruelo"},"image":{"@id":"https:\/\/www.elciruelo.com\/pt-br\/#\/schema\/logo\/image\/"},"sameAs":["https:\/\/es-es.facebook.com\/ElCirueloSL\/","https:\/\/www.instagram.com\/elciruelofruits\/","https:\/\/www.tiktok.com\/@elciruelofruits","https:\/\/es.linkedin.com\/company\/grupoelciruelo"]},{"@type":"Person","@id":"https:\/\/www.elciruelo.com\/pt-br\/#\/schema\/person\/e44508457304ebec8eaf7bb8b3daee1c","name":"Fuensanta","image":{"@type":"ImageObject","inLanguage":"pt-BR","@id":"https:\/\/secure.gravatar.com\/avatar\/c60baf35d66daf203a16c7ce158bb1ac4276ce791f9d2fc3489399869cdb5a3d?s=96&d=mm&r=g","url":"https:\/\/secure.gravatar.com\/avatar\/c60baf35d66daf203a16c7ce158bb1ac4276ce791f9d2fc3489399869cdb5a3d?s=96&d=mm&r=g","contentUrl":"https:\/\/secure.gravatar.com\/avatar\/c60baf35d66daf203a16c7ce158bb1ac4276ce791f9d2fc3489399869cdb5a3d?s=96&d=mm&r=g","caption":"Fuensanta"}}]}},"_links":{"self":[{"href":"https:\/\/www.elciruelo.com\/pt-br\/wp-json\/wp\/v2\/posts\/7920","targetHints":{"allow":["GET"]}}],"collection":[{"href":"https:\/\/www.elciruelo.com\/pt-br\/wp-json\/wp\/v2\/posts"}],"about":[{"href":"https:\/\/www.elciruelo.com\/pt-br\/wp-json\/wp\/v2\/types\/post"}],"author":[{"embeddable":true,"href":"https:\/\/www.elciruelo.com\/pt-br\/wp-json\/wp\/v2\/users\/8"}],"replies":[{"embeddable":true,"href":"https:\/\/www.elciruelo.com\/pt-br\/wp-json\/wp\/v2\/comments?post=7920"}],"version-history":[{"count":3,"href":"https:\/\/www.elciruelo.com\/pt-br\/wp-json\/wp\/v2\/posts\/7920\/revisions"}],"predecessor-version":[{"id":22769,"href":"https:\/\/www.elciruelo.com\/pt-br\/wp-json\/wp\/v2\/posts\/7920\/revisions\/22769"}],"wp:featuredmedia":[{"embeddable":true,"href":"https:\/\/www.elciruelo.com\/pt-br\/wp-json\/wp\/v2\/media\/7916"}],"wp:attachment":[{"href":"https:\/\/www.elciruelo.com\/pt-br\/wp-json\/wp\/v2\/media?parent=7920"}],"wp:term":[{"taxonomy":"category","embeddable":true,"href":"https:\/\/www.elciruelo.com\/pt-br\/wp-json\/wp\/v2\/categories?post=7920"},{"taxonomy":"post_tag","embeddable":true,"href":"https:\/\/www.elciruelo.com\/pt-br\/wp-json\/wp\/v2\/tags?post=7920"}],"curies":[{"name":"wp","href":"https:\/\/api.w.org\/{rel}","templated":true}]}}