{"id":8493,"date":"2023-06-12T14:06:04","date_gmt":"2023-06-12T12:06:04","guid":{"rendered":"https:\/\/www.elciruelo.com\/?p=8493"},"modified":"2023-06-12T14:06:04","modified_gmt":"2023-06-12T12:06:04","slug":"por-que-no-brasil-comemoramos-o-dia-dos-namorados-em-junho","status":"publish","type":"post","link":"https:\/\/www.elciruelo.com\/pt-br\/por-que-no-brasil-comemoramos-o-dia-dos-namorados-em-junho\/","title":{"rendered":"Por que no Brasil comemoramos o Dia dos Namorados em junho?"},"content":{"rendered":"<p><span style=\"font-weight: 400;\">O amor \u00e9 um sentimento universal que transcende fronteiras e culturas. No entanto, quando se trata de celebrar o amor no Dia dos Namorados, cada pa\u00eds tem suas pr\u00f3prias tradi\u00e7\u00f5es e datas espec\u00edficas. No Brasil, diferentemente da maioria dos pa\u00edses, comemoramos o Dia dos Namorados em 12 de junho.<\/span><\/p>\n<h2><b>Mas por que escolhemos esse m\u00eas para celebrar o amor?<\/b><span style=\"font-weight: 400;\">\u00a0<\/span><\/h2>\n<p><span style=\"font-weight: 400;\">A escolha do m\u00eas de junho para celebrar o Dia dos Namorados no Brasil est\u00e1 diretamente relacionada a uma estrat\u00e9gia de marketing. Em meados da d\u00e9cada de 1940, o publicit\u00e1rio Jo\u00e3o D\u00f3ria trouxe para o pa\u00eds a ideia de criar uma data comercial para impulsionar as vendas no per\u00edodo conhecido como &#8220;vazio&#8221; entre o Dia das M\u00e3es e o Dia dos Pais.<\/span><\/p>\n<p><span style=\"font-weight: 400;\">O dia 13 de junho \u00e9 conhecido como o Dia de Santo Ant\u00f4nio, santo cat\u00f3lico conhecido como o &#8220;Santo Casamenteiro&#8221;. A proximidade entre essa data e o per\u00edodo escolhido para a comemora\u00e7\u00e3o dos namorados foi uma oportunidade para alavancar o com\u00e9rcio de presentes e demonstra\u00e7\u00f5es de amor rom\u00e2ntico.<\/span><\/p>\n<p><span style=\"font-weight: 400;\">Outra justificativa para a escolha de junho \u00e9 o clima. No Brasil, junho marca o in\u00edcio do inverno no hemisf\u00e9rio sul, e o clima mais ameno favorece programas rom\u00e2nticos, como jantares aconchegantes, passeios de m\u00e3os dadas e momentos agrad\u00e1veis a dois. N\u00f3s do <\/span><a href=\"https:\/\/www.elciruelo.com\/pt-br\/\"><span style=\"font-weight: 400;\">El Ciruelo<\/span><\/a><span style=\"font-weight: 400;\"> recomendamos que voc\u00ea aproveite esses momentos rom\u00e2nticos com a <\/span><a href=\"https:\/\/www.elciruelo.com\/pt-br\/uvas-de-mesa\/\"><span style=\"font-weight: 400;\">Doce Uva<\/span><\/a><span style=\"font-weight: 400;\">, as melhores uvas para compartilhar.<\/span><\/p>\n<h2><b>Diferen\u00e7a em rela\u00e7\u00e3o ao Dia de S\u00e3o Valentim<\/b><\/h2>\n<p><span style=\"font-weight: 400;\">Enquanto a maioria dos pa\u00edses celebra o Dia dos Namorados em 14 de fevereiro, em homenagem a S\u00e3o Valentim, o Brasil optou por uma data pr\u00f3pria, distanciando-se da influ\u00eancia cultural norte-americana e europeia. Essa escolha contribui para uma identidade singular da celebra\u00e7\u00e3o no pa\u00eds.<\/span><span style=\"font-weight: 400;\">\u00a0<\/span><\/p>\n<p><span style=\"font-weight: 400;\">Ao longo dos anos, o Dia dos Namorados em junho tornou-se extremamente popular no Brasil, com diversas a\u00e7\u00f5es promocionais, eventos especiais e trocas de presentes entre casais apaixonados. O clima de romance e a busca por formas criativas de expressar o amor t\u00eam feito dessa data uma das mais aguardadas pelos brasileiros.<\/span><\/p>\n<p><span style=\"font-weight: 400;\">Independentemente da data escolhida, o importante \u00e9 celebrar o amor e fortalecer os la\u00e7os entre os casais. Afinal, o amor n\u00e3o conhece fronteiras e deve ser celebrado todos os dias.<\/span><\/p>\n<p><span style=\"font-weight: 400;\">\u00a0<\/span><\/p>\n<p><span style=\"font-weight: 400;\">Se quiser surpreender com uma receita muito doce com uvas para o Dia dos Namorados, d\u00ea uma olhada em nossas redes sociais @doceuva_br<\/span><\/p>\n","protected":false},"excerpt":{"rendered":"<p>O amor \u00e9 um sentimento universal que transcende fronteiras e culturas. No entanto, quando se trata de celebrar o amor no Dia dos Namorados, cada pa\u00eds tem suas pr\u00f3prias tradi\u00e7\u00f5es e datas espec\u00edficas. No Brasil, diferentemente da maioria dos pa\u00edses, comemoramos o Dia dos Namorados em 12 de junho. Mas por que escolhemos esse m\u00eas [&hellip;]<\/p>\n","protected":false},"author":8,"featured_media":8494,"comment_status":"closed","ping_status":"closed","sticky":false,"template":"","format":"standard","meta":{"_acf_changed":false,"footnotes":""},"categories":[8],"tags":[],"class_list":["post-8493","post","type-post","status-publish","format-standard","has-post-thumbnail","hentry","category-atualidade"],"acf":[],"yoast_head":"<!-- This site is optimized with the Yoast SEO plugin v27.4 - https:\/\/yoast.com\/product\/yoast-seo-wordpress\/ -->\n<title>Por que no Brasil comemoramos o Dia dos Namorados em junho?<\/title>\n<meta name=\"description\" content=\"No Brasil, diferentemente da maioria dos pa\u00edses, comemoramos o Dia dos Namorados em 12 de junho. Mas por que escolhemos esse m\u00eas?\" \/>\n<meta name=\"robots\" content=\"index, follow, max-snippet:-1, max-image-preview:large, max-video-preview:-1\" \/>\n<link rel=\"canonical\" href=\"https:\/\/www.elciruelo.com\/pt-br\/por-que-no-brasil-comemoramos-o-dia-dos-namorados-em-junho\/\" \/>\n<meta property=\"og:locale\" content=\"pt_BR\" \/>\n<meta property=\"og:type\" content=\"article\" \/>\n<meta property=\"og:title\" content=\"Por que no Brasil comemoramos o Dia dos Namorados em junho?\" \/>\n<meta property=\"og:description\" content=\"No Brasil, diferentemente da maioria dos pa\u00edses, comemoramos o Dia dos Namorados em 12 de junho. Mas por que escolhemos esse m\u00eas?\" \/>\n<meta property=\"og:url\" content=\"https:\/\/www.elciruelo.com\/pt-br\/por-que-no-brasil-comemoramos-o-dia-dos-namorados-em-junho\/\" \/>\n<meta property=\"og:site_name\" content=\"El Ciruelo\" \/>\n<meta property=\"article:publisher\" content=\"https:\/\/es-es.facebook.com\/ElCirueloSL\/\" \/>\n<meta property=\"article:published_time\" content=\"2023-06-12T12:06:04+00:00\" \/>\n<meta property=\"og:image\" content=\"https:\/\/www.elciruelo.com\/wp-content\/uploads\/2023\/06\/dia-dos-namorados-brasil.jpg\" \/>\n\t<meta property=\"og:image:width\" content=\"1080\" \/>\n\t<meta property=\"og:image:height\" content=\"1080\" \/>\n\t<meta property=\"og:image:type\" content=\"image\/jpeg\" \/>\n<meta name=\"author\" content=\"Fuensanta\" \/>\n<meta name=\"twitter:card\" content=\"summary_large_image\" \/>\n<meta name=\"twitter:label1\" content=\"Escrito por\" \/>\n\t<meta name=\"twitter:data1\" content=\"Fuensanta\" \/>\n\t<meta name=\"twitter:label2\" content=\"Est. tempo de leitura\" \/>\n\t<meta name=\"twitter:data2\" content=\"2 minutos\" \/>\n<script type=\"application\/ld+json\" class=\"yoast-schema-graph\">{\"@context\":\"https:\\\/\\\/schema.org\",\"@graph\":[{\"@type\":\"Article\",\"@id\":\"https:\\\/\\\/www.elciruelo.com\\\/pt-br\\\/por-que-no-brasil-comemoramos-o-dia-dos-namorados-em-junho\\\/#article\",\"isPartOf\":{\"@id\":\"https:\\\/\\\/www.elciruelo.com\\\/pt-br\\\/por-que-no-brasil-comemoramos-o-dia-dos-namorados-em-junho\\\/\"},\"author\":{\"name\":\"Fuensanta\",\"@id\":\"https:\\\/\\\/www.elciruelo.com\\\/pt-br\\\/#\\\/schema\\\/person\\\/e44508457304ebec8eaf7bb8b3daee1c\"},\"headline\":\"Por que no Brasil comemoramos o Dia dos Namorados em junho?\",\"datePublished\":\"2023-06-12T12:06:04+00:00\",\"mainEntityOfPage\":{\"@id\":\"https:\\\/\\\/www.elciruelo.com\\\/pt-br\\\/por-que-no-brasil-comemoramos-o-dia-dos-namorados-em-junho\\\/\"},\"wordCount\":433,\"publisher\":{\"@id\":\"https:\\\/\\\/www.elciruelo.com\\\/pt-br\\\/#organization\"},\"image\":{\"@id\":\"https:\\\/\\\/www.elciruelo.com\\\/pt-br\\\/por-que-no-brasil-comemoramos-o-dia-dos-namorados-em-junho\\\/#primaryimage\"},\"thumbnailUrl\":\"https:\\\/\\\/www.elciruelo.com\\\/wp-content\\\/uploads\\\/2023\\\/06\\\/dia-dos-namorados-brasil.jpg\",\"articleSection\":[\"Atualidade\"],\"inLanguage\":\"pt-BR\"},{\"@type\":\"WebPage\",\"@id\":\"https:\\\/\\\/www.elciruelo.com\\\/pt-br\\\/por-que-no-brasil-comemoramos-o-dia-dos-namorados-em-junho\\\/\",\"url\":\"https:\\\/\\\/www.elciruelo.com\\\/pt-br\\\/por-que-no-brasil-comemoramos-o-dia-dos-namorados-em-junho\\\/\",\"name\":\"Por que no Brasil comemoramos o Dia dos Namorados em junho?\",\"isPartOf\":{\"@id\":\"https:\\\/\\\/www.elciruelo.com\\\/pt-br\\\/#website\"},\"primaryImageOfPage\":{\"@id\":\"https:\\\/\\\/www.elciruelo.com\\\/pt-br\\\/por-que-no-brasil-comemoramos-o-dia-dos-namorados-em-junho\\\/#primaryimage\"},\"image\":{\"@id\":\"https:\\\/\\\/www.elciruelo.com\\\/pt-br\\\/por-que-no-brasil-comemoramos-o-dia-dos-namorados-em-junho\\\/#primaryimage\"},\"thumbnailUrl\":\"https:\\\/\\\/www.elciruelo.com\\\/wp-content\\\/uploads\\\/2023\\\/06\\\/dia-dos-namorados-brasil.jpg\",\"datePublished\":\"2023-06-12T12:06:04+00:00\",\"description\":\"No Brasil, diferentemente da maioria dos pa\u00edses, comemoramos o Dia dos Namorados em 12 de junho. Mas por que escolhemos esse m\u00eas?\",\"breadcrumb\":{\"@id\":\"https:\\\/\\\/www.elciruelo.com\\\/pt-br\\\/por-que-no-brasil-comemoramos-o-dia-dos-namorados-em-junho\\\/#breadcrumb\"},\"inLanguage\":\"pt-BR\",\"potentialAction\":[{\"@type\":\"ReadAction\",\"target\":[\"https:\\\/\\\/www.elciruelo.com\\\/pt-br\\\/por-que-no-brasil-comemoramos-o-dia-dos-namorados-em-junho\\\/\"]}]},{\"@type\":\"ImageObject\",\"inLanguage\":\"pt-BR\",\"@id\":\"https:\\\/\\\/www.elciruelo.com\\\/pt-br\\\/por-que-no-brasil-comemoramos-o-dia-dos-namorados-em-junho\\\/#primaryimage\",\"url\":\"https:\\\/\\\/www.elciruelo.com\\\/wp-content\\\/uploads\\\/2023\\\/06\\\/dia-dos-namorados-brasil.jpg\",\"contentUrl\":\"https:\\\/\\\/www.elciruelo.com\\\/wp-content\\\/uploads\\\/2023\\\/06\\\/dia-dos-namorados-brasil.jpg\",\"width\":1080,\"height\":1080},{\"@type\":\"BreadcrumbList\",\"@id\":\"https:\\\/\\\/www.elciruelo.com\\\/pt-br\\\/por-que-no-brasil-comemoramos-o-dia-dos-namorados-em-junho\\\/#breadcrumb\",\"itemListElement\":[{\"@type\":\"ListItem\",\"position\":1,\"name\":\"Home\",\"item\":\"https:\\\/\\\/www.elciruelo.com\\\/pt-br\\\/\"},{\"@type\":\"ListItem\",\"position\":2,\"name\":\"Por que no Brasil comemoramos o Dia dos Namorados em junho?\"}]},{\"@type\":\"WebSite\",\"@id\":\"https:\\\/\\\/www.elciruelo.com\\\/pt-br\\\/#website\",\"url\":\"https:\\\/\\\/www.elciruelo.com\\\/pt-br\\\/\",\"name\":\"El Ciruelo\",\"description\":\"Productores de Uva de Mesa y Fruta de Hueso  \",\"publisher\":{\"@id\":\"https:\\\/\\\/www.elciruelo.com\\\/pt-br\\\/#organization\"},\"alternateName\":\"Ciruelo\",\"potentialAction\":[{\"@type\":\"SearchAction\",\"target\":{\"@type\":\"EntryPoint\",\"urlTemplate\":\"https:\\\/\\\/www.elciruelo.com\\\/pt-br\\\/?s={search_term_string}\"},\"query-input\":{\"@type\":\"PropertyValueSpecification\",\"valueRequired\":true,\"valueName\":\"search_term_string\"}}],\"inLanguage\":\"pt-BR\"},{\"@type\":\"Organization\",\"@id\":\"https:\\\/\\\/www.elciruelo.com\\\/pt-br\\\/#organization\",\"name\":\"El Ciruelo\",\"alternateName\":\"Grupo El Ciruelo\",\"url\":\"https:\\\/\\\/www.elciruelo.com\\\/pt-br\\\/\",\"logo\":{\"@type\":\"ImageObject\",\"inLanguage\":\"pt-BR\",\"@id\":\"https:\\\/\\\/www.elciruelo.com\\\/pt-br\\\/#\\\/schema\\\/logo\\\/image\\\/\",\"url\":\"https:\\\/\\\/www.elciruelo.com\\\/wp-content\\\/uploads\\\/2021\\\/09\\\/el-ciruelo-logo.png\",\"contentUrl\":\"https:\\\/\\\/www.elciruelo.com\\\/wp-content\\\/uploads\\\/2021\\\/09\\\/el-ciruelo-logo.png\",\"width\":636,\"height\":174,\"caption\":\"El Ciruelo\"},\"image\":{\"@id\":\"https:\\\/\\\/www.elciruelo.com\\\/pt-br\\\/#\\\/schema\\\/logo\\\/image\\\/\"},\"sameAs\":[\"https:\\\/\\\/es-es.facebook.com\\\/ElCirueloSL\\\/\",\"https:\\\/\\\/www.instagram.com\\\/elciruelofruits\\\/\",\"https:\\\/\\\/www.tiktok.com\\\/@elciruelofruits\",\"https:\\\/\\\/es.linkedin.com\\\/company\\\/grupoelciruelo\"]},{\"@type\":\"Person\",\"@id\":\"https:\\\/\\\/www.elciruelo.com\\\/pt-br\\\/#\\\/schema\\\/person\\\/e44508457304ebec8eaf7bb8b3daee1c\",\"name\":\"Fuensanta\",\"image\":{\"@type\":\"ImageObject\",\"inLanguage\":\"pt-BR\",\"@id\":\"https:\\\/\\\/secure.gravatar.com\\\/avatar\\\/c60baf35d66daf203a16c7ce158bb1ac4276ce791f9d2fc3489399869cdb5a3d?s=96&d=mm&r=g\",\"url\":\"https:\\\/\\\/secure.gravatar.com\\\/avatar\\\/c60baf35d66daf203a16c7ce158bb1ac4276ce791f9d2fc3489399869cdb5a3d?s=96&d=mm&r=g\",\"contentUrl\":\"https:\\\/\\\/secure.gravatar.com\\\/avatar\\\/c60baf35d66daf203a16c7ce158bb1ac4276ce791f9d2fc3489399869cdb5a3d?s=96&d=mm&r=g\",\"caption\":\"Fuensanta\"}}]}<\/script>\n<!-- \/ Yoast SEO plugin. -->","yoast_head_json":{"title":"Por que no Brasil comemoramos o Dia dos Namorados em junho?","description":"No Brasil, diferentemente da maioria dos pa\u00edses, comemoramos o Dia dos Namorados em 12 de junho. Mas por que escolhemos esse m\u00eas?","robots":{"index":"index","follow":"follow","max-snippet":"max-snippet:-1","max-image-preview":"max-image-preview:large","max-video-preview":"max-video-preview:-1"},"canonical":"https:\/\/www.elciruelo.com\/pt-br\/por-que-no-brasil-comemoramos-o-dia-dos-namorados-em-junho\/","og_locale":"pt_BR","og_type":"article","og_title":"Por que no Brasil comemoramos o Dia dos Namorados em junho?","og_description":"No Brasil, diferentemente da maioria dos pa\u00edses, comemoramos o Dia dos Namorados em 12 de junho. Mas por que escolhemos esse m\u00eas?","og_url":"https:\/\/www.elciruelo.com\/pt-br\/por-que-no-brasil-comemoramos-o-dia-dos-namorados-em-junho\/","og_site_name":"El Ciruelo","article_publisher":"https:\/\/es-es.facebook.com\/ElCirueloSL\/","article_published_time":"2023-06-12T12:06:04+00:00","og_image":[{"width":1080,"height":1080,"url":"https:\/\/www.elciruelo.com\/wp-content\/uploads\/2023\/06\/dia-dos-namorados-brasil.jpg","type":"image\/jpeg"}],"author":"Fuensanta","twitter_card":"summary_large_image","twitter_misc":{"Escrito por":"Fuensanta","Est. tempo de leitura":"2 minutos"},"schema":{"@context":"https:\/\/schema.org","@graph":[{"@type":"Article","@id":"https:\/\/www.elciruelo.com\/pt-br\/por-que-no-brasil-comemoramos-o-dia-dos-namorados-em-junho\/#article","isPartOf":{"@id":"https:\/\/www.elciruelo.com\/pt-br\/por-que-no-brasil-comemoramos-o-dia-dos-namorados-em-junho\/"},"author":{"name":"Fuensanta","@id":"https:\/\/www.elciruelo.com\/pt-br\/#\/schema\/person\/e44508457304ebec8eaf7bb8b3daee1c"},"headline":"Por que no Brasil comemoramos o Dia dos Namorados em junho?","datePublished":"2023-06-12T12:06:04+00:00","mainEntityOfPage":{"@id":"https:\/\/www.elciruelo.com\/pt-br\/por-que-no-brasil-comemoramos-o-dia-dos-namorados-em-junho\/"},"wordCount":433,"publisher":{"@id":"https:\/\/www.elciruelo.com\/pt-br\/#organization"},"image":{"@id":"https:\/\/www.elciruelo.com\/pt-br\/por-que-no-brasil-comemoramos-o-dia-dos-namorados-em-junho\/#primaryimage"},"thumbnailUrl":"https:\/\/www.elciruelo.com\/wp-content\/uploads\/2023\/06\/dia-dos-namorados-brasil.jpg","articleSection":["Atualidade"],"inLanguage":"pt-BR"},{"@type":"WebPage","@id":"https:\/\/www.elciruelo.com\/pt-br\/por-que-no-brasil-comemoramos-o-dia-dos-namorados-em-junho\/","url":"https:\/\/www.elciruelo.com\/pt-br\/por-que-no-brasil-comemoramos-o-dia-dos-namorados-em-junho\/","name":"Por que no Brasil comemoramos o Dia dos Namorados em junho?","isPartOf":{"@id":"https:\/\/www.elciruelo.com\/pt-br\/#website"},"primaryImageOfPage":{"@id":"https:\/\/www.elciruelo.com\/pt-br\/por-que-no-brasil-comemoramos-o-dia-dos-namorados-em-junho\/#primaryimage"},"image":{"@id":"https:\/\/www.elciruelo.com\/pt-br\/por-que-no-brasil-comemoramos-o-dia-dos-namorados-em-junho\/#primaryimage"},"thumbnailUrl":"https:\/\/www.elciruelo.com\/wp-content\/uploads\/2023\/06\/dia-dos-namorados-brasil.jpg","datePublished":"2023-06-12T12:06:04+00:00","description":"No Brasil, diferentemente da maioria dos pa\u00edses, comemoramos o Dia dos Namorados em 12 de junho. Mas por que escolhemos esse m\u00eas?","breadcrumb":{"@id":"https:\/\/www.elciruelo.com\/pt-br\/por-que-no-brasil-comemoramos-o-dia-dos-namorados-em-junho\/#breadcrumb"},"inLanguage":"pt-BR","potentialAction":[{"@type":"ReadAction","target":["https:\/\/www.elciruelo.com\/pt-br\/por-que-no-brasil-comemoramos-o-dia-dos-namorados-em-junho\/"]}]},{"@type":"ImageObject","inLanguage":"pt-BR","@id":"https:\/\/www.elciruelo.com\/pt-br\/por-que-no-brasil-comemoramos-o-dia-dos-namorados-em-junho\/#primaryimage","url":"https:\/\/www.elciruelo.com\/wp-content\/uploads\/2023\/06\/dia-dos-namorados-brasil.jpg","contentUrl":"https:\/\/www.elciruelo.com\/wp-content\/uploads\/2023\/06\/dia-dos-namorados-brasil.jpg","width":1080,"height":1080},{"@type":"BreadcrumbList","@id":"https:\/\/www.elciruelo.com\/pt-br\/por-que-no-brasil-comemoramos-o-dia-dos-namorados-em-junho\/#breadcrumb","itemListElement":[{"@type":"ListItem","position":1,"name":"Home","item":"https:\/\/www.elciruelo.com\/pt-br\/"},{"@type":"ListItem","position":2,"name":"Por que no Brasil comemoramos o Dia dos Namorados em junho?"}]},{"@type":"WebSite","@id":"https:\/\/www.elciruelo.com\/pt-br\/#website","url":"https:\/\/www.elciruelo.com\/pt-br\/","name":"El Ciruelo","description":"Productores de Uva de Mesa y Fruta de Hueso  ","publisher":{"@id":"https:\/\/www.elciruelo.com\/pt-br\/#organization"},"alternateName":"Ciruelo","potentialAction":[{"@type":"SearchAction","target":{"@type":"EntryPoint","urlTemplate":"https:\/\/www.elciruelo.com\/pt-br\/?s={search_term_string}"},"query-input":{"@type":"PropertyValueSpecification","valueRequired":true,"valueName":"search_term_string"}}],"inLanguage":"pt-BR"},{"@type":"Organization","@id":"https:\/\/www.elciruelo.com\/pt-br\/#organization","name":"El Ciruelo","alternateName":"Grupo El Ciruelo","url":"https:\/\/www.elciruelo.com\/pt-br\/","logo":{"@type":"ImageObject","inLanguage":"pt-BR","@id":"https:\/\/www.elciruelo.com\/pt-br\/#\/schema\/logo\/image\/","url":"https:\/\/www.elciruelo.com\/wp-content\/uploads\/2021\/09\/el-ciruelo-logo.png","contentUrl":"https:\/\/www.elciruelo.com\/wp-content\/uploads\/2021\/09\/el-ciruelo-logo.png","width":636,"height":174,"caption":"El Ciruelo"},"image":{"@id":"https:\/\/www.elciruelo.com\/pt-br\/#\/schema\/logo\/image\/"},"sameAs":["https:\/\/es-es.facebook.com\/ElCirueloSL\/","https:\/\/www.instagram.com\/elciruelofruits\/","https:\/\/www.tiktok.com\/@elciruelofruits","https:\/\/es.linkedin.com\/company\/grupoelciruelo"]},{"@type":"Person","@id":"https:\/\/www.elciruelo.com\/pt-br\/#\/schema\/person\/e44508457304ebec8eaf7bb8b3daee1c","name":"Fuensanta","image":{"@type":"ImageObject","inLanguage":"pt-BR","@id":"https:\/\/secure.gravatar.com\/avatar\/c60baf35d66daf203a16c7ce158bb1ac4276ce791f9d2fc3489399869cdb5a3d?s=96&d=mm&r=g","url":"https:\/\/secure.gravatar.com\/avatar\/c60baf35d66daf203a16c7ce158bb1ac4276ce791f9d2fc3489399869cdb5a3d?s=96&d=mm&r=g","contentUrl":"https:\/\/secure.gravatar.com\/avatar\/c60baf35d66daf203a16c7ce158bb1ac4276ce791f9d2fc3489399869cdb5a3d?s=96&d=mm&r=g","caption":"Fuensanta"}}]}},"_links":{"self":[{"href":"https:\/\/www.elciruelo.com\/pt-br\/wp-json\/wp\/v2\/posts\/8493","targetHints":{"allow":["GET"]}}],"collection":[{"href":"https:\/\/www.elciruelo.com\/pt-br\/wp-json\/wp\/v2\/posts"}],"about":[{"href":"https:\/\/www.elciruelo.com\/pt-br\/wp-json\/wp\/v2\/types\/post"}],"author":[{"embeddable":true,"href":"https:\/\/www.elciruelo.com\/pt-br\/wp-json\/wp\/v2\/users\/8"}],"replies":[{"embeddable":true,"href":"https:\/\/www.elciruelo.com\/pt-br\/wp-json\/wp\/v2\/comments?post=8493"}],"version-history":[{"count":1,"href":"https:\/\/www.elciruelo.com\/pt-br\/wp-json\/wp\/v2\/posts\/8493\/revisions"}],"predecessor-version":[{"id":8498,"href":"https:\/\/www.elciruelo.com\/pt-br\/wp-json\/wp\/v2\/posts\/8493\/revisions\/8498"}],"wp:featuredmedia":[{"embeddable":true,"href":"https:\/\/www.elciruelo.com\/pt-br\/wp-json\/wp\/v2\/media\/8494"}],"wp:attachment":[{"href":"https:\/\/www.elciruelo.com\/pt-br\/wp-json\/wp\/v2\/media?parent=8493"}],"wp:term":[{"taxonomy":"category","embeddable":true,"href":"https:\/\/www.elciruelo.com\/pt-br\/wp-json\/wp\/v2\/categories?post=8493"},{"taxonomy":"post_tag","embeddable":true,"href":"https:\/\/www.elciruelo.com\/pt-br\/wp-json\/wp\/v2\/tags?post=8493"}],"curies":[{"name":"wp","href":"https:\/\/api.w.org\/{rel}","templated":true}]}}