{"id":8500,"date":"2023-06-20T16:44:15","date_gmt":"2023-06-20T14:44:15","guid":{"rendered":"https:\/\/www.elciruelo.com\/?p=8500"},"modified":"2023-06-20T16:44:15","modified_gmt":"2023-06-20T14:44:15","slug":"que-frutas-meu-bebe-de-6-meses-pode-comer","status":"publish","type":"post","link":"https:\/\/www.elciruelo.com\/pt-br\/que-frutas-meu-bebe-de-6-meses-pode-comer\/","title":{"rendered":"Que frutas meu beb\u00ea de 6 meses pode comer? Conselhos e recomenda\u00e7\u00f5es"},"content":{"rendered":"<p><span style=\"font-weight: 400;\">Os primeiros anos de vida s\u00e3o um per\u00edodo muito especial, cheio de novidades e em que os pais querem o melhor para eles.\u00a0<\/span><\/p>\n<p><span style=\"font-weight: 400;\">Incluir frutas regularmente na dieta dos beb\u00eas traz in\u00fameros benef\u00edcios, pois elas fornecem uma quantidade incr\u00edvel de nutrientes para nossos pequenos e seu conte\u00fado de \u00e1gua e sais minerais os ajuda a se manterem hidratados e fortes a qualquer hora do dia. Al\u00e9m disso, o sabor doce e delicioso de muitas dessas frutas vai encant\u00e1-los e estaremos colaborando com sua educa\u00e7\u00e3o nutricional para que amanh\u00e3 eles tenham h\u00e1bitos saud\u00e1veis.<\/span><\/p>\n<p><span style=\"font-weight: 400;\">Devemos introduzir as frutas em sua dieta a partir dos 6 meses de idade, pois esse costuma ser o melhor momento para passar do leite materno e dos alimentos em papinhas para algo mais s\u00f3lido.\u00a0<\/span><\/p>\n<p><span style=\"font-weight: 400;\">Em rela\u00e7\u00e3o a quais frutas s\u00e3o melhores para introduzir na dieta de beb\u00eas a partir dos 6 meses de idade, a realidade \u00e9 que eles podem come\u00e7ar a experimentar todas as frutas, portanto, a gama de op\u00e7\u00f5es \u00e9 muito ampla, embora seja recomend\u00e1vel come\u00e7ar com frutas sazonais macias e de sabor doce e evitar frutas com pelos ou frutas tropicais, pois eles podem desenvolver alergias.\u00a0<\/span><\/p>\n<p><span style=\"font-weight: 400;\">\u00c9 essencial que voc\u00ea verifique ativamente se h\u00e1 erup\u00e7\u00f5es cut\u00e2neas, problemas de digest\u00e3o ou rea\u00e7\u00f5es al\u00e9rgicas que o novo alimento na dieta do seu beb\u00ea possa causar. Em caso de emerg\u00eancia ou de qualquer outro problema, entre em contato com um pediatra imediatamente. Monitore gradualmente o progresso do seu beb\u00ea e verifique se as frutas que voc\u00ea est\u00e1 dando a ele n\u00e3o causam alergias e se ele as tolera bem.<\/span><\/p>\n<h2><b>Como introduzir frutas na dieta de nosso beb\u00ea de 6 meses<\/b><\/h2>\n<p><span style=\"font-weight: 400;\">Para aproveitar ao m\u00e1ximo todas as vitaminas, minerais e fibras, \u00e9 melhor esmagar a fruta e, assim, facilitar a ingest\u00e3o pelo beb\u00ea, criando um mingau ou pur\u00ea de frutas. Outra op\u00e7\u00e3o \u00e9 tentar oferecer a ele peda\u00e7os grandes de frutas (maiores que o punho) para que ele possa experimentar os sabores e as habilidades motoras, sempre removendo o caro\u00e7o ou as sementes da fruta, \u00e9 claro.<\/span><\/p>\n<p><span style=\"font-weight: 400;\">Para que o beb\u00ea se acostume com esses sabores e novos elementos em sua dieta, \u00e9 recomend\u00e1vel ser constante e incluir o mesmo tipo de fruta na papa por 3 ou 4 dias seguidos, v\u00e1rias vezes ao dia. Dessa forma, o beb\u00ea descobre novos sabores e aproveita a experi\u00eancia, e n\u00f3s tamb\u00e9m podemos aprender sobre os gostos e as prefer\u00eancias do nosso beb\u00ea.<\/span><\/p>\n<p><span style=\"font-weight: 400;\">Dessa forma, podemos aproximar o mundo das frutas dos pequenos, sempre consultando previamente o pediatra e seguindo suas recomenda\u00e7\u00f5es, cientes de que as frutas n\u00e3o podem se tornar o \u00fanico pilar nutricional sobre o qual se baseia a vida do beb\u00ea.<\/span><\/p>\n<h2><strong>Prepare voc\u00ea mesmo um delicioso pur\u00ea ou mingau de frutas para o seu beb\u00ea.<\/strong><\/h2>\n<p><span style=\"font-weight: 400;\">Introduzir frutas na dieta de seu rec\u00e9m-nascido n\u00e3o \u00e9 algo complexo, est\u00e1 ao alcance de todos. Ao preparar um pur\u00ea de frutas, escolha apenas frutas maduras e da esta\u00e7\u00e3o, evitando sabores \u00e1cidos que podem causar rejei\u00e7\u00e3o e indigest\u00e3o.\u00a0<\/span><\/p>\n<h3><strong>Passos a seguir:<\/strong><\/h3>\n<ul>\n<li><span style=\"font-weight: 400;\">Escolha frutas sazonais e maduras.<\/span><\/li>\n<li><span style=\"font-weight: 400;\">Lave-as e descasque-as.<\/span><\/li>\n<li>Se as frutas estiverem muito duras, elas devem ser cozidas antes.<\/li>\n<li>Amasse-as com insist\u00eancia at\u00e9 que todos os caro\u00e7os sejam eliminados.<\/li>\n<li>Se quisermos uma textura mais leve, basta adicionar leite materno ou, na falta deste, \u00e1gua mineralizada.<\/li>\n<li>N\u00e3o adicione nenhum tipo de ado\u00e7ante (a\u00e7\u00facar, sacarina, mantitol etc.).<\/li>\n<li>E agora voc\u00ea tem um mingau de frutas saud\u00e1vel pronto para o seu beb\u00ea.<\/li>\n<\/ul>\n<p>&nbsp;<\/p>\n<p><span style=\"font-weight: 400;\">Esperamos que este artigo tenha sido \u00fatil e, se voc\u00ea gostou, n\u00e3o se esque\u00e7a de nos seguir em nossas redes sociais @doceuva_br.<\/span><\/p>\n","protected":false},"excerpt":{"rendered":"<p>Os primeiros anos de vida s\u00e3o um per\u00edodo muito especial, cheio de novidades e em que os pais querem o melhor para eles.\u00a0 Incluir frutas regularmente na dieta dos beb\u00eas traz in\u00fameros benef\u00edcios, pois elas fornecem uma quantidade incr\u00edvel de nutrientes para nossos pequenos e seu conte\u00fado de \u00e1gua e sais minerais os ajuda a [&hellip;]<\/p>\n","protected":false},"author":8,"featured_media":8490,"comment_status":"closed","ping_status":"closed","sticky":false,"template":"","format":"standard","meta":{"_acf_changed":false,"footnotes":""},"categories":[36],"tags":[],"class_list":["post-8500","post","type-post","status-publish","format-standard","has-post-thumbnail","hentry","category-saude-e-nutricao"],"acf":[],"yoast_head":"<!-- This site is optimized with the Yoast SEO plugin v27.4 - https:\/\/yoast.com\/product\/yoast-seo-wordpress\/ -->\n<title>Que frutas meu beb\u00ea de 6 meses pode comer? Recomenda\u00e7\u00f5es<\/title>\n<meta name=\"description\" content=\"Os primeiros anos de vida s\u00e3o um per\u00edodo muito especial, cheio de novidades e em que os pais querem o melhor para eles.\u00a0\" \/>\n<meta name=\"robots\" content=\"index, follow, max-snippet:-1, max-image-preview:large, max-video-preview:-1\" \/>\n<link rel=\"canonical\" href=\"https:\/\/www.elciruelo.com\/pt-br\/que-frutas-meu-bebe-de-6-meses-pode-comer\/\" \/>\n<meta property=\"og:locale\" content=\"pt_BR\" \/>\n<meta property=\"og:type\" content=\"article\" \/>\n<meta property=\"og:title\" content=\"Que frutas meu beb\u00ea de 6 meses pode comer? Recomenda\u00e7\u00f5es\" \/>\n<meta property=\"og:description\" content=\"Os primeiros anos de vida s\u00e3o um per\u00edodo muito especial, cheio de novidades e em que os pais querem o melhor para eles.\u00a0\" \/>\n<meta property=\"og:url\" content=\"https:\/\/www.elciruelo.com\/pt-br\/que-frutas-meu-bebe-de-6-meses-pode-comer\/\" \/>\n<meta property=\"og:site_name\" content=\"El Ciruelo\" \/>\n<meta property=\"article:publisher\" content=\"https:\/\/es-es.facebook.com\/ElCirueloSL\/\" \/>\n<meta property=\"article:published_time\" content=\"2023-06-20T14:44:15+00:00\" \/>\n<meta property=\"og:image\" content=\"https:\/\/www.elciruelo.com\/wp-content\/uploads\/2023\/06\/Fruta-bebe-6-meses.jpg\" \/>\n\t<meta property=\"og:image:width\" content=\"1080\" \/>\n\t<meta property=\"og:image:height\" content=\"1080\" \/>\n\t<meta property=\"og:image:type\" content=\"image\/jpeg\" \/>\n<meta name=\"author\" content=\"Fuensanta\" \/>\n<meta name=\"twitter:card\" content=\"summary_large_image\" \/>\n<meta name=\"twitter:label1\" content=\"Escrito por\" \/>\n\t<meta name=\"twitter:data1\" content=\"Fuensanta\" \/>\n\t<meta name=\"twitter:label2\" content=\"Est. tempo de leitura\" \/>\n\t<meta name=\"twitter:data2\" content=\"3 minutos\" \/>\n<script type=\"application\/ld+json\" class=\"yoast-schema-graph\">{\"@context\":\"https:\\\/\\\/schema.org\",\"@graph\":[{\"@type\":\"Article\",\"@id\":\"https:\\\/\\\/www.elciruelo.com\\\/pt-br\\\/que-frutas-meu-bebe-de-6-meses-pode-comer\\\/#article\",\"isPartOf\":{\"@id\":\"https:\\\/\\\/www.elciruelo.com\\\/pt-br\\\/que-frutas-meu-bebe-de-6-meses-pode-comer\\\/\"},\"author\":{\"name\":\"Fuensanta\",\"@id\":\"https:\\\/\\\/www.elciruelo.com\\\/pt-br\\\/#\\\/schema\\\/person\\\/e44508457304ebec8eaf7bb8b3daee1c\"},\"headline\":\"Que frutas meu beb\u00ea de 6 meses pode comer? Conselhos e recomenda\u00e7\u00f5es\",\"datePublished\":\"2023-06-20T14:44:15+00:00\",\"mainEntityOfPage\":{\"@id\":\"https:\\\/\\\/www.elciruelo.com\\\/pt-br\\\/que-frutas-meu-bebe-de-6-meses-pode-comer\\\/\"},\"wordCount\":643,\"publisher\":{\"@id\":\"https:\\\/\\\/www.elciruelo.com\\\/pt-br\\\/#organization\"},\"image\":{\"@id\":\"https:\\\/\\\/www.elciruelo.com\\\/pt-br\\\/que-frutas-meu-bebe-de-6-meses-pode-comer\\\/#primaryimage\"},\"thumbnailUrl\":\"https:\\\/\\\/www.elciruelo.com\\\/wp-content\\\/uploads\\\/2023\\\/06\\\/Fruta-bebe-6-meses.jpg\",\"articleSection\":[\"Sa\u00fade e nutri\u00e7\u00e3o\"],\"inLanguage\":\"pt-BR\"},{\"@type\":\"WebPage\",\"@id\":\"https:\\\/\\\/www.elciruelo.com\\\/pt-br\\\/que-frutas-meu-bebe-de-6-meses-pode-comer\\\/\",\"url\":\"https:\\\/\\\/www.elciruelo.com\\\/pt-br\\\/que-frutas-meu-bebe-de-6-meses-pode-comer\\\/\",\"name\":\"Que frutas meu beb\u00ea de 6 meses pode comer? Recomenda\u00e7\u00f5es\",\"isPartOf\":{\"@id\":\"https:\\\/\\\/www.elciruelo.com\\\/pt-br\\\/#website\"},\"primaryImageOfPage\":{\"@id\":\"https:\\\/\\\/www.elciruelo.com\\\/pt-br\\\/que-frutas-meu-bebe-de-6-meses-pode-comer\\\/#primaryimage\"},\"image\":{\"@id\":\"https:\\\/\\\/www.elciruelo.com\\\/pt-br\\\/que-frutas-meu-bebe-de-6-meses-pode-comer\\\/#primaryimage\"},\"thumbnailUrl\":\"https:\\\/\\\/www.elciruelo.com\\\/wp-content\\\/uploads\\\/2023\\\/06\\\/Fruta-bebe-6-meses.jpg\",\"datePublished\":\"2023-06-20T14:44:15+00:00\",\"description\":\"Os primeiros anos de vida s\u00e3o um per\u00edodo muito especial, cheio de novidades e em que os pais querem o melhor para eles.\u00a0\",\"breadcrumb\":{\"@id\":\"https:\\\/\\\/www.elciruelo.com\\\/pt-br\\\/que-frutas-meu-bebe-de-6-meses-pode-comer\\\/#breadcrumb\"},\"inLanguage\":\"pt-BR\",\"potentialAction\":[{\"@type\":\"ReadAction\",\"target\":[\"https:\\\/\\\/www.elciruelo.com\\\/pt-br\\\/que-frutas-meu-bebe-de-6-meses-pode-comer\\\/\"]}]},{\"@type\":\"ImageObject\",\"inLanguage\":\"pt-BR\",\"@id\":\"https:\\\/\\\/www.elciruelo.com\\\/pt-br\\\/que-frutas-meu-bebe-de-6-meses-pode-comer\\\/#primaryimage\",\"url\":\"https:\\\/\\\/www.elciruelo.com\\\/wp-content\\\/uploads\\\/2023\\\/06\\\/Fruta-bebe-6-meses.jpg\",\"contentUrl\":\"https:\\\/\\\/www.elciruelo.com\\\/wp-content\\\/uploads\\\/2023\\\/06\\\/Fruta-bebe-6-meses.jpg\",\"width\":1080,\"height\":1080},{\"@type\":\"BreadcrumbList\",\"@id\":\"https:\\\/\\\/www.elciruelo.com\\\/pt-br\\\/que-frutas-meu-bebe-de-6-meses-pode-comer\\\/#breadcrumb\",\"itemListElement\":[{\"@type\":\"ListItem\",\"position\":1,\"name\":\"Home\",\"item\":\"https:\\\/\\\/www.elciruelo.com\\\/pt-br\\\/\"},{\"@type\":\"ListItem\",\"position\":2,\"name\":\"Que frutas meu beb\u00ea de 6 meses pode comer? Conselhos e recomenda\u00e7\u00f5es\"}]},{\"@type\":\"WebSite\",\"@id\":\"https:\\\/\\\/www.elciruelo.com\\\/pt-br\\\/#website\",\"url\":\"https:\\\/\\\/www.elciruelo.com\\\/pt-br\\\/\",\"name\":\"El Ciruelo\",\"description\":\"Productores de Uva de Mesa y Fruta de Hueso  \",\"publisher\":{\"@id\":\"https:\\\/\\\/www.elciruelo.com\\\/pt-br\\\/#organization\"},\"alternateName\":\"Ciruelo\",\"potentialAction\":[{\"@type\":\"SearchAction\",\"target\":{\"@type\":\"EntryPoint\",\"urlTemplate\":\"https:\\\/\\\/www.elciruelo.com\\\/pt-br\\\/?s={search_term_string}\"},\"query-input\":{\"@type\":\"PropertyValueSpecification\",\"valueRequired\":true,\"valueName\":\"search_term_string\"}}],\"inLanguage\":\"pt-BR\"},{\"@type\":\"Organization\",\"@id\":\"https:\\\/\\\/www.elciruelo.com\\\/pt-br\\\/#organization\",\"name\":\"El Ciruelo\",\"alternateName\":\"Grupo El Ciruelo\",\"url\":\"https:\\\/\\\/www.elciruelo.com\\\/pt-br\\\/\",\"logo\":{\"@type\":\"ImageObject\",\"inLanguage\":\"pt-BR\",\"@id\":\"https:\\\/\\\/www.elciruelo.com\\\/pt-br\\\/#\\\/schema\\\/logo\\\/image\\\/\",\"url\":\"https:\\\/\\\/www.elciruelo.com\\\/wp-content\\\/uploads\\\/2021\\\/09\\\/el-ciruelo-logo.png\",\"contentUrl\":\"https:\\\/\\\/www.elciruelo.com\\\/wp-content\\\/uploads\\\/2021\\\/09\\\/el-ciruelo-logo.png\",\"width\":636,\"height\":174,\"caption\":\"El Ciruelo\"},\"image\":{\"@id\":\"https:\\\/\\\/www.elciruelo.com\\\/pt-br\\\/#\\\/schema\\\/logo\\\/image\\\/\"},\"sameAs\":[\"https:\\\/\\\/es-es.facebook.com\\\/ElCirueloSL\\\/\",\"https:\\\/\\\/www.instagram.com\\\/elciruelofruits\\\/\",\"https:\\\/\\\/www.tiktok.com\\\/@elciruelofruits\",\"https:\\\/\\\/es.linkedin.com\\\/company\\\/grupoelciruelo\"]},{\"@type\":\"Person\",\"@id\":\"https:\\\/\\\/www.elciruelo.com\\\/pt-br\\\/#\\\/schema\\\/person\\\/e44508457304ebec8eaf7bb8b3daee1c\",\"name\":\"Fuensanta\",\"image\":{\"@type\":\"ImageObject\",\"inLanguage\":\"pt-BR\",\"@id\":\"https:\\\/\\\/secure.gravatar.com\\\/avatar\\\/c60baf35d66daf203a16c7ce158bb1ac4276ce791f9d2fc3489399869cdb5a3d?s=96&d=mm&r=g\",\"url\":\"https:\\\/\\\/secure.gravatar.com\\\/avatar\\\/c60baf35d66daf203a16c7ce158bb1ac4276ce791f9d2fc3489399869cdb5a3d?s=96&d=mm&r=g\",\"contentUrl\":\"https:\\\/\\\/secure.gravatar.com\\\/avatar\\\/c60baf35d66daf203a16c7ce158bb1ac4276ce791f9d2fc3489399869cdb5a3d?s=96&d=mm&r=g\",\"caption\":\"Fuensanta\"}}]}<\/script>\n<!-- \/ Yoast SEO plugin. -->","yoast_head_json":{"title":"Que frutas meu beb\u00ea de 6 meses pode comer? Recomenda\u00e7\u00f5es","description":"Os primeiros anos de vida s\u00e3o um per\u00edodo muito especial, cheio de novidades e em que os pais querem o melhor para eles.\u00a0","robots":{"index":"index","follow":"follow","max-snippet":"max-snippet:-1","max-image-preview":"max-image-preview:large","max-video-preview":"max-video-preview:-1"},"canonical":"https:\/\/www.elciruelo.com\/pt-br\/que-frutas-meu-bebe-de-6-meses-pode-comer\/","og_locale":"pt_BR","og_type":"article","og_title":"Que frutas meu beb\u00ea de 6 meses pode comer? Recomenda\u00e7\u00f5es","og_description":"Os primeiros anos de vida s\u00e3o um per\u00edodo muito especial, cheio de novidades e em que os pais querem o melhor para eles.\u00a0","og_url":"https:\/\/www.elciruelo.com\/pt-br\/que-frutas-meu-bebe-de-6-meses-pode-comer\/","og_site_name":"El Ciruelo","article_publisher":"https:\/\/es-es.facebook.com\/ElCirueloSL\/","article_published_time":"2023-06-20T14:44:15+00:00","og_image":[{"width":1080,"height":1080,"url":"https:\/\/www.elciruelo.com\/wp-content\/uploads\/2023\/06\/Fruta-bebe-6-meses.jpg","type":"image\/jpeg"}],"author":"Fuensanta","twitter_card":"summary_large_image","twitter_misc":{"Escrito por":"Fuensanta","Est. tempo de leitura":"3 minutos"},"schema":{"@context":"https:\/\/schema.org","@graph":[{"@type":"Article","@id":"https:\/\/www.elciruelo.com\/pt-br\/que-frutas-meu-bebe-de-6-meses-pode-comer\/#article","isPartOf":{"@id":"https:\/\/www.elciruelo.com\/pt-br\/que-frutas-meu-bebe-de-6-meses-pode-comer\/"},"author":{"name":"Fuensanta","@id":"https:\/\/www.elciruelo.com\/pt-br\/#\/schema\/person\/e44508457304ebec8eaf7bb8b3daee1c"},"headline":"Que frutas meu beb\u00ea de 6 meses pode comer? Conselhos e recomenda\u00e7\u00f5es","datePublished":"2023-06-20T14:44:15+00:00","mainEntityOfPage":{"@id":"https:\/\/www.elciruelo.com\/pt-br\/que-frutas-meu-bebe-de-6-meses-pode-comer\/"},"wordCount":643,"publisher":{"@id":"https:\/\/www.elciruelo.com\/pt-br\/#organization"},"image":{"@id":"https:\/\/www.elciruelo.com\/pt-br\/que-frutas-meu-bebe-de-6-meses-pode-comer\/#primaryimage"},"thumbnailUrl":"https:\/\/www.elciruelo.com\/wp-content\/uploads\/2023\/06\/Fruta-bebe-6-meses.jpg","articleSection":["Sa\u00fade e nutri\u00e7\u00e3o"],"inLanguage":"pt-BR"},{"@type":"WebPage","@id":"https:\/\/www.elciruelo.com\/pt-br\/que-frutas-meu-bebe-de-6-meses-pode-comer\/","url":"https:\/\/www.elciruelo.com\/pt-br\/que-frutas-meu-bebe-de-6-meses-pode-comer\/","name":"Que frutas meu beb\u00ea de 6 meses pode comer? Recomenda\u00e7\u00f5es","isPartOf":{"@id":"https:\/\/www.elciruelo.com\/pt-br\/#website"},"primaryImageOfPage":{"@id":"https:\/\/www.elciruelo.com\/pt-br\/que-frutas-meu-bebe-de-6-meses-pode-comer\/#primaryimage"},"image":{"@id":"https:\/\/www.elciruelo.com\/pt-br\/que-frutas-meu-bebe-de-6-meses-pode-comer\/#primaryimage"},"thumbnailUrl":"https:\/\/www.elciruelo.com\/wp-content\/uploads\/2023\/06\/Fruta-bebe-6-meses.jpg","datePublished":"2023-06-20T14:44:15+00:00","description":"Os primeiros anos de vida s\u00e3o um per\u00edodo muito especial, cheio de novidades e em que os pais querem o melhor para eles.\u00a0","breadcrumb":{"@id":"https:\/\/www.elciruelo.com\/pt-br\/que-frutas-meu-bebe-de-6-meses-pode-comer\/#breadcrumb"},"inLanguage":"pt-BR","potentialAction":[{"@type":"ReadAction","target":["https:\/\/www.elciruelo.com\/pt-br\/que-frutas-meu-bebe-de-6-meses-pode-comer\/"]}]},{"@type":"ImageObject","inLanguage":"pt-BR","@id":"https:\/\/www.elciruelo.com\/pt-br\/que-frutas-meu-bebe-de-6-meses-pode-comer\/#primaryimage","url":"https:\/\/www.elciruelo.com\/wp-content\/uploads\/2023\/06\/Fruta-bebe-6-meses.jpg","contentUrl":"https:\/\/www.elciruelo.com\/wp-content\/uploads\/2023\/06\/Fruta-bebe-6-meses.jpg","width":1080,"height":1080},{"@type":"BreadcrumbList","@id":"https:\/\/www.elciruelo.com\/pt-br\/que-frutas-meu-bebe-de-6-meses-pode-comer\/#breadcrumb","itemListElement":[{"@type":"ListItem","position":1,"name":"Home","item":"https:\/\/www.elciruelo.com\/pt-br\/"},{"@type":"ListItem","position":2,"name":"Que frutas meu beb\u00ea de 6 meses pode comer? Conselhos e recomenda\u00e7\u00f5es"}]},{"@type":"WebSite","@id":"https:\/\/www.elciruelo.com\/pt-br\/#website","url":"https:\/\/www.elciruelo.com\/pt-br\/","name":"El Ciruelo","description":"Productores de Uva de Mesa y Fruta de Hueso  ","publisher":{"@id":"https:\/\/www.elciruelo.com\/pt-br\/#organization"},"alternateName":"Ciruelo","potentialAction":[{"@type":"SearchAction","target":{"@type":"EntryPoint","urlTemplate":"https:\/\/www.elciruelo.com\/pt-br\/?s={search_term_string}"},"query-input":{"@type":"PropertyValueSpecification","valueRequired":true,"valueName":"search_term_string"}}],"inLanguage":"pt-BR"},{"@type":"Organization","@id":"https:\/\/www.elciruelo.com\/pt-br\/#organization","name":"El Ciruelo","alternateName":"Grupo El Ciruelo","url":"https:\/\/www.elciruelo.com\/pt-br\/","logo":{"@type":"ImageObject","inLanguage":"pt-BR","@id":"https:\/\/www.elciruelo.com\/pt-br\/#\/schema\/logo\/image\/","url":"https:\/\/www.elciruelo.com\/wp-content\/uploads\/2021\/09\/el-ciruelo-logo.png","contentUrl":"https:\/\/www.elciruelo.com\/wp-content\/uploads\/2021\/09\/el-ciruelo-logo.png","width":636,"height":174,"caption":"El Ciruelo"},"image":{"@id":"https:\/\/www.elciruelo.com\/pt-br\/#\/schema\/logo\/image\/"},"sameAs":["https:\/\/es-es.facebook.com\/ElCirueloSL\/","https:\/\/www.instagram.com\/elciruelofruits\/","https:\/\/www.tiktok.com\/@elciruelofruits","https:\/\/es.linkedin.com\/company\/grupoelciruelo"]},{"@type":"Person","@id":"https:\/\/www.elciruelo.com\/pt-br\/#\/schema\/person\/e44508457304ebec8eaf7bb8b3daee1c","name":"Fuensanta","image":{"@type":"ImageObject","inLanguage":"pt-BR","@id":"https:\/\/secure.gravatar.com\/avatar\/c60baf35d66daf203a16c7ce158bb1ac4276ce791f9d2fc3489399869cdb5a3d?s=96&d=mm&r=g","url":"https:\/\/secure.gravatar.com\/avatar\/c60baf35d66daf203a16c7ce158bb1ac4276ce791f9d2fc3489399869cdb5a3d?s=96&d=mm&r=g","contentUrl":"https:\/\/secure.gravatar.com\/avatar\/c60baf35d66daf203a16c7ce158bb1ac4276ce791f9d2fc3489399869cdb5a3d?s=96&d=mm&r=g","caption":"Fuensanta"}}]}},"_links":{"self":[{"href":"https:\/\/www.elciruelo.com\/pt-br\/wp-json\/wp\/v2\/posts\/8500","targetHints":{"allow":["GET"]}}],"collection":[{"href":"https:\/\/www.elciruelo.com\/pt-br\/wp-json\/wp\/v2\/posts"}],"about":[{"href":"https:\/\/www.elciruelo.com\/pt-br\/wp-json\/wp\/v2\/types\/post"}],"author":[{"embeddable":true,"href":"https:\/\/www.elciruelo.com\/pt-br\/wp-json\/wp\/v2\/users\/8"}],"replies":[{"embeddable":true,"href":"https:\/\/www.elciruelo.com\/pt-br\/wp-json\/wp\/v2\/comments?post=8500"}],"version-history":[{"count":1,"href":"https:\/\/www.elciruelo.com\/pt-br\/wp-json\/wp\/v2\/posts\/8500\/revisions"}],"predecessor-version":[{"id":8501,"href":"https:\/\/www.elciruelo.com\/pt-br\/wp-json\/wp\/v2\/posts\/8500\/revisions\/8501"}],"wp:featuredmedia":[{"embeddable":true,"href":"https:\/\/www.elciruelo.com\/pt-br\/wp-json\/wp\/v2\/media\/8490"}],"wp:attachment":[{"href":"https:\/\/www.elciruelo.com\/pt-br\/wp-json\/wp\/v2\/media?parent=8500"}],"wp:term":[{"taxonomy":"category","embeddable":true,"href":"https:\/\/www.elciruelo.com\/pt-br\/wp-json\/wp\/v2\/categories?post=8500"},{"taxonomy":"post_tag","embeddable":true,"href":"https:\/\/www.elciruelo.com\/pt-br\/wp-json\/wp\/v2\/tags?post=8500"}],"curies":[{"name":"wp","href":"https:\/\/api.w.org\/{rel}","templated":true}]}}