{"id":8509,"date":"2023-06-26T10:29:25","date_gmt":"2023-06-26T08:29:25","guid":{"rendered":"https:\/\/www.elciruelo.com\/?p=8509"},"modified":"2023-06-26T10:32:49","modified_gmt":"2023-06-26T08:32:49","slug":"frutas-de-verao","status":"publish","type":"post","link":"https:\/\/www.elciruelo.com\/pt-br\/frutas-de-verao\/","title":{"rendered":"O que s\u00e3o frutas de ver\u00e3o e quais s\u00e3o seus benef\u00edcios?"},"content":{"rendered":"<p><span style=\"font-weight: 400;\">As frutas s\u00e3o um dos elementos b\u00e1sicos de uma dieta equilibrada e saud\u00e1vel em qualquer parte ou cultura do planeta Terra. Uma dieta rica em frutas e outros vegetais \u00e9 a garantia de um corpo saud\u00e1vel com os nutrientes necess\u00e1rios para enfrentar qualquer tipo de situa\u00e7\u00e3o. E hoje, do El Ciruelo, queremos analisar os benef\u00edcios e as vantagens de comer frutas do ver\u00e3o.<\/span><\/p>\n<p><span style=\"font-weight: 400;\">Durante os meses quentes de ver\u00e3o, as frutas podem se tornar um grande aliado, mantendo-nos hidratados e nutridos e evitando digest\u00f5es abundantes ou dif\u00edceis para nosso organismo.<\/span><\/p>\n<h2><b>Principais vantagens e benef\u00edcios do consumo de frutas no ver\u00e3o<\/b><\/h2>\n<ol>\n<li style=\"font-weight: 400;\" aria-level=\"1\"><span style=\"font-weight: 400;\"><strong>As frutas s\u00e3o uma excelente fonte de vitaminas:<\/strong> durante o ver\u00e3o, quando o clima \u00e9 mais quente e suamos mais, nosso corpo precisa de uma maior ingest\u00e3o de l\u00edquidos e nutrientes. As frutas, como laranjas, morangos, melancias e p\u00eassegos, s\u00e3o ricas em vitaminas C, A e E, que ajudam a fortalecer o sistema imunol\u00f3gico, protegem a pele contra os danos causados pelo sol e promovem a boa sa\u00fade dos olhos.<\/span><\/li>\n<li style=\"font-weight: 400;\" aria-level=\"1\"><span style=\"font-weight: 400;\"><strong>S\u00e3o uma fonte de minerais essenciais, como pot\u00e1ssio e magn\u00e9sio<\/strong>. Esses minerais s\u00e3o importantes para manter o equil\u00edbrio de eletr\u00f3litos no corpo, o que ajuda a evitar c\u00e3ibras musculares e a manter a press\u00e3o arterial saud\u00e1vel. O pot\u00e1ssio, em particular, \u00e9 um mineral essencial para a fun\u00e7\u00e3o card\u00edaca e muscular adequada, portanto, o consumo de frutas ricas em pot\u00e1ssio, como as bananas, pode ser especialmente ben\u00e9fico durante os meses de ver\u00e3o, quando o pot\u00e1ssio pode ser perdido devido \u00e0 transpira\u00e7\u00e3o excessiva.<\/span><\/li>\n<li style=\"font-weight: 400;\" aria-level=\"1\"><span style=\"font-weight: 400;\"><strong>A grande maioria das frutas tem um alto teor de \u00e1gua<\/strong>. Muitas frutas, como melancias, abacaxis e mel\u00f5es, t\u00eam uma alta porcentagem de \u00e1gua, o que as torna uma excelente op\u00e7\u00e3o para se manter hidratado em dias quentes. A hidrata\u00e7\u00e3o adequada \u00e9 essencial para regular a temperatura corporal, manter a fun\u00e7\u00e3o adequada dos \u00f3rg\u00e3os e evitar a desidrata\u00e7\u00e3o. Al\u00e9m disso, as frutas com alto teor de \u00e1gua tamb\u00e9m ajudam a satisfazer o apetite e nos mant\u00eam saciados, o que pode ser \u00fatil para controlar o peso corporal e evitar a tenta\u00e7\u00e3o de comer alimentos menos saud\u00e1veis durante o ver\u00e3o.<\/span><\/li>\n<li style=\"font-weight: 400;\" aria-level=\"1\"><span style=\"font-weight: 400;\"><strong>As frutas geralmente t\u00eam muito poucas calorias<\/strong>. Muitas frutas s\u00e3o naturalmente pobres em calorias e gordura, o que as torna a op\u00e7\u00e3o ideal para quem quer manter ou perder peso. Ao comer frutas em vez de alimentos processados ou doces, podemos satisfazer nossos desejos de forma mais saud\u00e1vel e evitar o consumo de muitas calorias vazias. Al\u00e9m disso, a fibra presente nas frutas ajuda a nos manter saciados por mais tempo, o que pode reduzir a ingest\u00e3o geral de calorias.<\/span><\/li>\n<li style=\"font-weight: 400;\" aria-level=\"1\"><span style=\"font-weight: 400;\"><strong>O sabor e a versatilidade das frutas fazem delas um aliado ideal quando se trata de inclu\u00ed-las em uma dieta de ver\u00e3o<\/strong>. Durante o ver\u00e3o, quando muitas frutas est\u00e3o em sua \u00e9poca de pico, podemos desfrutar de uma grande variedade de sabores doces e refrescantes. As frutas podem ser consumidas sozinhas, adicionadas a saladas, usadas para fazer smoothies, sucos e sorvetes caseiros, ou at\u00e9 mesmo grelhadas para obter sabores ainda mais intensos. A versatilidade das frutas nos permite experimentar e desfrutar de diferentes combina\u00e7\u00f5es e prepara\u00e7\u00f5es, acrescentando variedade e divers\u00e3o \u00e0 nossa dieta di\u00e1ria.<\/span><\/li>\n<li style=\"font-weight: 400;\" aria-level=\"1\"><span style=\"font-weight: 400;\"><strong>O efeito refrescante das frutas e sua capacidade de aliviar a sede.<\/strong> Em vez de recorrer a bebidas a\u00e7ucaradas ou com g\u00e1s, as frutas s\u00e3o uma op\u00e7\u00e3o natural e saud\u00e1vel para matar a sede. Algumas frutas, como a melancia e o mel\u00e3o, cont\u00eam uma grande quantidade de \u00e1gua e t\u00eam um sabor refrescante que ajuda a nos manter hidratados e frescos nos dias quentes. Al\u00e9m disso, o consumo regular de frutas pode ajudar a evitar a reten\u00e7\u00e3o de l\u00edquidos, pois seu conte\u00fado de \u00e1gua e fibras ajuda a manter um equil\u00edbrio adequado de l\u00edquidos no corpo.<\/span><\/li>\n<li style=\"font-weight: 400;\" aria-level=\"1\"><span style=\"font-weight: 400;\"><strong>O consumo de frutas no ver\u00e3o pode ser uma excelente maneira de apoiar os agricultores locais e promover a sustentabilidade<\/strong>. Durante essa esta\u00e7\u00e3o, muitas frutas s\u00e3o colhidas na regi\u00e3o e est\u00e3o dispon\u00edveis nos mercados locais. Ao optar por comprar frutas de produtores locais, n\u00e3o estamos apenas obtendo produtos frescos e de alta qualidade, mas tamb\u00e9m estamos apoiando a economia local e reduzindo a pegada de carbono associada ao transporte de alimentos a longa dist\u00e2ncia.<\/span><\/li>\n<\/ol>\n<p>&nbsp;<\/p>\n<h2><b>Descubra quais s\u00e3o as melhores frutas para a temporada de ver\u00e3o e suas caracter\u00edsticas:<\/b><\/h2>\n<p><span style=\"font-weight: 400;\">O ver\u00e3o \u00e9 a esta\u00e7\u00e3o de uma grande e deliciosa variedade de frutas de El Ciruelo, como p\u00eassegos, damascos, p\u00eassegos chatos, ameixas, nectarinas, cerejas e platerinas. N\u00e3o deixe de inclu\u00ed-las em sua dieta nesta \u00e9poca do ano para aproveitar todos os seus benef\u00edcios.<\/span><\/p>\n<ul>\n<li style=\"font-weight: 400;\" aria-level=\"1\"><span style=\"font-weight: 400;\"><strong>Damascos<\/strong>: uma fruta ideal para os meses quentes de ver\u00e3o, pequena e deliciosa. Os damascos t\u00eam uma quantidade muito alta de nutrientes que nos proporcionam muitos benef\u00edcios em nossa vida di\u00e1ria, entre eles podemos destacar as propriedades antioxidantes que melhoram nossa sa\u00fade e reduzem o envelhecimento ou o cuidado e a conserva\u00e7\u00e3o de uma pele saud\u00e1vel, para a qual essa fruta \u00e9 uma grande aliada devido ao seu alto teor de vitamina A. Os damascos tamb\u00e9m ajudam a sa\u00fade dos olhos, devido ao seu alto teor de betacaroteno, que previne problemas oculares relacionados \u00e0 idade e \u00e0 degenera\u00e7\u00e3o macular. \u00c9poca: abril a julho.<\/span><\/li>\n<\/ul>\n<p>&nbsp;<\/p>\n<ul>\n<li style=\"font-weight: 400;\" aria-level=\"1\"><span style=\"font-weight: 400;\"><strong>Cerejas<\/strong>: as cerejas s\u00e3o uma op\u00e7\u00e3o imbat\u00edvel para introduzir frutas em nossa dieta de ver\u00e3o e come\u00e7ar a aliviar os primeiros meses quentes que v\u00eam com a primavera. Al\u00e9m de ser uma fruta deliciosa e divertida, as cerejas melhoram nosso descanso noturno, pois s\u00e3o uma fonte natural de melatonina. Elas tamb\u00e9m melhoram nossa sa\u00fade cardiovascular e reduzem o colesterol, fornecendo uma imensa quantidade de fibras diet\u00e9ticas que mant\u00eam nosso cora\u00e7\u00e3o saud\u00e1vel. \u00c9poca: final de maio a in\u00edcio de agosto.<\/span><\/li>\n<\/ul>\n<p>&nbsp;<\/p>\n<ul>\n<li style=\"font-weight: 400;\" aria-level=\"1\"><span style=\"font-weight: 400;\"><strong>P\u00eassegos e p\u00eassegos chatos<\/strong>: os p\u00eassegos e p\u00eassegos chatos s\u00e3o suculentos e saborosos e cont\u00eam uma variedade de nutrientes ben\u00e9ficos. Eles s\u00e3o uma boa fonte de vitamina C, vitamina A e fibras. Tamb\u00e9m cont\u00eam compostos antioxidantes, como carotenoides e flavonoides, que podem ajudar a proteger contra doen\u00e7as cr\u00f4nicas e promover a sa\u00fade da pele. \u00c9poca: Todo o ver\u00e3o.<\/span><\/li>\n<\/ul>\n<p>&nbsp;<\/p>\n<ul>\n<li style=\"font-weight: 400;\" aria-level=\"1\"><span style=\"font-weight: 400;\"><strong>Nectarinas<\/strong>: as nectarinas s\u00e3o semelhantes aos p\u00eassegos, mas com uma casca lisa. Elas s\u00e3o uma excelente fonte de vitamina C, vitamina A e fibras. Tamb\u00e9m cont\u00eam antioxidantes que podem proteger contra danos celulares e promover a boa sa\u00fade cardiovascular. \u00c9poca: durante todo o ver\u00e3o.<\/span><\/li>\n<\/ul>\n<p>&nbsp;<\/p>\n<ul>\n<li style=\"font-weight: 400;\" aria-level=\"1\"><span style=\"font-weight: 400;\"><strong>Ameixas<\/strong>: uma fruta suculenta gra\u00e7as ao seu alto teor de \u00e1gua, o que a torna uma fruta ideal para proporcionar hidrata\u00e7\u00e3o nos meses mais quentes do ver\u00e3o. Em geral, \u00e9 muito nutritiva e rica em vitaminas, especialmente vitamina C. \u00c9poca: todo o ver\u00e3o.<\/span><\/li>\n<\/ul>\n<p>&nbsp;<\/p>\n<p><span style=\"font-weight: 400;\">Siga-nos em nossas m\u00eddias sociais @doceuva_br para saber mais sobre nossos produtos!<\/span><\/p>\n","protected":false},"excerpt":{"rendered":"<p>As frutas s\u00e3o um dos elementos b\u00e1sicos de uma dieta equilibrada e saud\u00e1vel em qualquer parte ou cultura do planeta Terra. Uma dieta rica em frutas e outros vegetais \u00e9 a garantia de um corpo saud\u00e1vel com os nutrientes necess\u00e1rios para enfrentar qualquer tipo de situa\u00e7\u00e3o. E hoje, do El Ciruelo, queremos analisar os benef\u00edcios [&hellip;]<\/p>\n","protected":false},"author":8,"featured_media":8516,"comment_status":"closed","ping_status":"closed","sticky":false,"template":"","format":"standard","meta":{"_acf_changed":false,"footnotes":""},"categories":[36],"tags":[],"class_list":["post-8509","post","type-post","status-publish","format-standard","has-post-thumbnail","hentry","category-saude-e-nutricao"],"acf":[],"yoast_head":"<!-- This site is optimized with the Yoast SEO plugin v27.4 - https:\/\/yoast.com\/product\/yoast-seo-wordpress\/ -->\n<title>O que s\u00e3o frutas de ver\u00e3o e quais s\u00e3o seus benef\u00edcios?<\/title>\n<meta name=\"robots\" content=\"index, follow, max-snippet:-1, max-image-preview:large, max-video-preview:-1\" \/>\n<link rel=\"canonical\" href=\"https:\/\/www.elciruelo.com\/pt-br\/frutas-de-verao\/\" \/>\n<meta property=\"og:locale\" content=\"pt_BR\" \/>\n<meta property=\"og:type\" content=\"article\" \/>\n<meta property=\"og:title\" content=\"O que s\u00e3o frutas de ver\u00e3o e quais s\u00e3o seus benef\u00edcios?\" \/>\n<meta property=\"og:description\" content=\"As frutas s\u00e3o um dos elementos b\u00e1sicos de uma dieta equilibrada e saud\u00e1vel em qualquer parte ou cultura do planeta Terra. Uma dieta rica em frutas e outros vegetais \u00e9 a garantia de um corpo saud\u00e1vel com os nutrientes necess\u00e1rios para enfrentar qualquer tipo de situa\u00e7\u00e3o. E hoje, do El Ciruelo, queremos analisar os benef\u00edcios [&hellip;]\" \/>\n<meta property=\"og:url\" content=\"https:\/\/www.elciruelo.com\/pt-br\/frutas-de-verao\/\" \/>\n<meta property=\"og:site_name\" content=\"El Ciruelo\" \/>\n<meta property=\"article:publisher\" content=\"https:\/\/es-es.facebook.com\/ElCirueloSL\/\" \/>\n<meta property=\"article:published_time\" content=\"2023-06-26T08:29:25+00:00\" \/>\n<meta property=\"article:modified_time\" content=\"2023-06-26T08:32:49+00:00\" \/>\n<meta property=\"og:image\" content=\"https:\/\/www.elciruelo.com\/wp-content\/uploads\/2023\/06\/Fruta-de-Verano-1.jpg\" \/>\n\t<meta property=\"og:image:width\" content=\"1080\" \/>\n\t<meta property=\"og:image:height\" content=\"1080\" \/>\n\t<meta property=\"og:image:type\" content=\"image\/jpeg\" \/>\n<meta name=\"author\" content=\"Fuensanta\" \/>\n<meta name=\"twitter:card\" content=\"summary_large_image\" \/>\n<meta name=\"twitter:label1\" content=\"Escrito por\" \/>\n\t<meta name=\"twitter:data1\" content=\"Fuensanta\" \/>\n\t<meta name=\"twitter:label2\" content=\"Est. tempo de leitura\" \/>\n\t<meta name=\"twitter:data2\" content=\"5 minutos\" \/>\n<script type=\"application\/ld+json\" class=\"yoast-schema-graph\">{\"@context\":\"https:\\\/\\\/schema.org\",\"@graph\":[{\"@type\":\"Article\",\"@id\":\"https:\\\/\\\/www.elciruelo.com\\\/pt-br\\\/frutas-de-verao\\\/#article\",\"isPartOf\":{\"@id\":\"https:\\\/\\\/www.elciruelo.com\\\/pt-br\\\/frutas-de-verao\\\/\"},\"author\":{\"name\":\"Fuensanta\",\"@id\":\"https:\\\/\\\/www.elciruelo.com\\\/pt-br\\\/#\\\/schema\\\/person\\\/e44508457304ebec8eaf7bb8b3daee1c\"},\"headline\":\"O que s\u00e3o frutas de ver\u00e3o e quais s\u00e3o seus benef\u00edcios?\",\"datePublished\":\"2023-06-26T08:29:25+00:00\",\"dateModified\":\"2023-06-26T08:32:49+00:00\",\"mainEntityOfPage\":{\"@id\":\"https:\\\/\\\/www.elciruelo.com\\\/pt-br\\\/frutas-de-verao\\\/\"},\"wordCount\":1250,\"publisher\":{\"@id\":\"https:\\\/\\\/www.elciruelo.com\\\/pt-br\\\/#organization\"},\"image\":{\"@id\":\"https:\\\/\\\/www.elciruelo.com\\\/pt-br\\\/frutas-de-verao\\\/#primaryimage\"},\"thumbnailUrl\":\"https:\\\/\\\/www.elciruelo.com\\\/wp-content\\\/uploads\\\/2023\\\/06\\\/Fruta-de-Verano-1.jpg\",\"articleSection\":[\"Sa\u00fade e nutri\u00e7\u00e3o\"],\"inLanguage\":\"pt-BR\"},{\"@type\":\"WebPage\",\"@id\":\"https:\\\/\\\/www.elciruelo.com\\\/pt-br\\\/frutas-de-verao\\\/\",\"url\":\"https:\\\/\\\/www.elciruelo.com\\\/pt-br\\\/frutas-de-verao\\\/\",\"name\":\"O que s\u00e3o frutas de ver\u00e3o e quais s\u00e3o seus benef\u00edcios?\",\"isPartOf\":{\"@id\":\"https:\\\/\\\/www.elciruelo.com\\\/pt-br\\\/#website\"},\"primaryImageOfPage\":{\"@id\":\"https:\\\/\\\/www.elciruelo.com\\\/pt-br\\\/frutas-de-verao\\\/#primaryimage\"},\"image\":{\"@id\":\"https:\\\/\\\/www.elciruelo.com\\\/pt-br\\\/frutas-de-verao\\\/#primaryimage\"},\"thumbnailUrl\":\"https:\\\/\\\/www.elciruelo.com\\\/wp-content\\\/uploads\\\/2023\\\/06\\\/Fruta-de-Verano-1.jpg\",\"datePublished\":\"2023-06-26T08:29:25+00:00\",\"dateModified\":\"2023-06-26T08:32:49+00:00\",\"breadcrumb\":{\"@id\":\"https:\\\/\\\/www.elciruelo.com\\\/pt-br\\\/frutas-de-verao\\\/#breadcrumb\"},\"inLanguage\":\"pt-BR\",\"potentialAction\":[{\"@type\":\"ReadAction\",\"target\":[\"https:\\\/\\\/www.elciruelo.com\\\/pt-br\\\/frutas-de-verao\\\/\"]}]},{\"@type\":\"ImageObject\",\"inLanguage\":\"pt-BR\",\"@id\":\"https:\\\/\\\/www.elciruelo.com\\\/pt-br\\\/frutas-de-verao\\\/#primaryimage\",\"url\":\"https:\\\/\\\/www.elciruelo.com\\\/wp-content\\\/uploads\\\/2023\\\/06\\\/Fruta-de-Verano-1.jpg\",\"contentUrl\":\"https:\\\/\\\/www.elciruelo.com\\\/wp-content\\\/uploads\\\/2023\\\/06\\\/Fruta-de-Verano-1.jpg\",\"width\":1080,\"height\":1080,\"caption\":\"Frutas de Verano\"},{\"@type\":\"BreadcrumbList\",\"@id\":\"https:\\\/\\\/www.elciruelo.com\\\/pt-br\\\/frutas-de-verao\\\/#breadcrumb\",\"itemListElement\":[{\"@type\":\"ListItem\",\"position\":1,\"name\":\"Home\",\"item\":\"https:\\\/\\\/www.elciruelo.com\\\/pt-br\\\/\"},{\"@type\":\"ListItem\",\"position\":2,\"name\":\"O que s\u00e3o frutas de ver\u00e3o e quais s\u00e3o seus benef\u00edcios?\"}]},{\"@type\":\"WebSite\",\"@id\":\"https:\\\/\\\/www.elciruelo.com\\\/pt-br\\\/#website\",\"url\":\"https:\\\/\\\/www.elciruelo.com\\\/pt-br\\\/\",\"name\":\"El Ciruelo\",\"description\":\"Productores de Uva de Mesa y Fruta de Hueso  \",\"publisher\":{\"@id\":\"https:\\\/\\\/www.elciruelo.com\\\/pt-br\\\/#organization\"},\"alternateName\":\"Ciruelo\",\"potentialAction\":[{\"@type\":\"SearchAction\",\"target\":{\"@type\":\"EntryPoint\",\"urlTemplate\":\"https:\\\/\\\/www.elciruelo.com\\\/pt-br\\\/?s={search_term_string}\"},\"query-input\":{\"@type\":\"PropertyValueSpecification\",\"valueRequired\":true,\"valueName\":\"search_term_string\"}}],\"inLanguage\":\"pt-BR\"},{\"@type\":\"Organization\",\"@id\":\"https:\\\/\\\/www.elciruelo.com\\\/pt-br\\\/#organization\",\"name\":\"El Ciruelo\",\"alternateName\":\"Grupo El Ciruelo\",\"url\":\"https:\\\/\\\/www.elciruelo.com\\\/pt-br\\\/\",\"logo\":{\"@type\":\"ImageObject\",\"inLanguage\":\"pt-BR\",\"@id\":\"https:\\\/\\\/www.elciruelo.com\\\/pt-br\\\/#\\\/schema\\\/logo\\\/image\\\/\",\"url\":\"https:\\\/\\\/www.elciruelo.com\\\/wp-content\\\/uploads\\\/2021\\\/09\\\/el-ciruelo-logo.png\",\"contentUrl\":\"https:\\\/\\\/www.elciruelo.com\\\/wp-content\\\/uploads\\\/2021\\\/09\\\/el-ciruelo-logo.png\",\"width\":636,\"height\":174,\"caption\":\"El Ciruelo\"},\"image\":{\"@id\":\"https:\\\/\\\/www.elciruelo.com\\\/pt-br\\\/#\\\/schema\\\/logo\\\/image\\\/\"},\"sameAs\":[\"https:\\\/\\\/es-es.facebook.com\\\/ElCirueloSL\\\/\",\"https:\\\/\\\/www.instagram.com\\\/elciruelofruits\\\/\",\"https:\\\/\\\/www.tiktok.com\\\/@elciruelofruits\",\"https:\\\/\\\/es.linkedin.com\\\/company\\\/grupoelciruelo\"]},{\"@type\":\"Person\",\"@id\":\"https:\\\/\\\/www.elciruelo.com\\\/pt-br\\\/#\\\/schema\\\/person\\\/e44508457304ebec8eaf7bb8b3daee1c\",\"name\":\"Fuensanta\",\"image\":{\"@type\":\"ImageObject\",\"inLanguage\":\"pt-BR\",\"@id\":\"https:\\\/\\\/secure.gravatar.com\\\/avatar\\\/c60baf35d66daf203a16c7ce158bb1ac4276ce791f9d2fc3489399869cdb5a3d?s=96&d=mm&r=g\",\"url\":\"https:\\\/\\\/secure.gravatar.com\\\/avatar\\\/c60baf35d66daf203a16c7ce158bb1ac4276ce791f9d2fc3489399869cdb5a3d?s=96&d=mm&r=g\",\"contentUrl\":\"https:\\\/\\\/secure.gravatar.com\\\/avatar\\\/c60baf35d66daf203a16c7ce158bb1ac4276ce791f9d2fc3489399869cdb5a3d?s=96&d=mm&r=g\",\"caption\":\"Fuensanta\"}}]}<\/script>\n<!-- \/ Yoast SEO plugin. -->","yoast_head_json":{"title":"O que s\u00e3o frutas de ver\u00e3o e quais s\u00e3o seus benef\u00edcios?","robots":{"index":"index","follow":"follow","max-snippet":"max-snippet:-1","max-image-preview":"max-image-preview:large","max-video-preview":"max-video-preview:-1"},"canonical":"https:\/\/www.elciruelo.com\/pt-br\/frutas-de-verao\/","og_locale":"pt_BR","og_type":"article","og_title":"O que s\u00e3o frutas de ver\u00e3o e quais s\u00e3o seus benef\u00edcios?","og_description":"As frutas s\u00e3o um dos elementos b\u00e1sicos de uma dieta equilibrada e saud\u00e1vel em qualquer parte ou cultura do planeta Terra. Uma dieta rica em frutas e outros vegetais \u00e9 a garantia de um corpo saud\u00e1vel com os nutrientes necess\u00e1rios para enfrentar qualquer tipo de situa\u00e7\u00e3o. E hoje, do El Ciruelo, queremos analisar os benef\u00edcios [&hellip;]","og_url":"https:\/\/www.elciruelo.com\/pt-br\/frutas-de-verao\/","og_site_name":"El Ciruelo","article_publisher":"https:\/\/es-es.facebook.com\/ElCirueloSL\/","article_published_time":"2023-06-26T08:29:25+00:00","article_modified_time":"2023-06-26T08:32:49+00:00","og_image":[{"width":1080,"height":1080,"url":"https:\/\/www.elciruelo.com\/wp-content\/uploads\/2023\/06\/Fruta-de-Verano-1.jpg","type":"image\/jpeg"}],"author":"Fuensanta","twitter_card":"summary_large_image","twitter_misc":{"Escrito por":"Fuensanta","Est. tempo de leitura":"5 minutos"},"schema":{"@context":"https:\/\/schema.org","@graph":[{"@type":"Article","@id":"https:\/\/www.elciruelo.com\/pt-br\/frutas-de-verao\/#article","isPartOf":{"@id":"https:\/\/www.elciruelo.com\/pt-br\/frutas-de-verao\/"},"author":{"name":"Fuensanta","@id":"https:\/\/www.elciruelo.com\/pt-br\/#\/schema\/person\/e44508457304ebec8eaf7bb8b3daee1c"},"headline":"O que s\u00e3o frutas de ver\u00e3o e quais s\u00e3o seus benef\u00edcios?","datePublished":"2023-06-26T08:29:25+00:00","dateModified":"2023-06-26T08:32:49+00:00","mainEntityOfPage":{"@id":"https:\/\/www.elciruelo.com\/pt-br\/frutas-de-verao\/"},"wordCount":1250,"publisher":{"@id":"https:\/\/www.elciruelo.com\/pt-br\/#organization"},"image":{"@id":"https:\/\/www.elciruelo.com\/pt-br\/frutas-de-verao\/#primaryimage"},"thumbnailUrl":"https:\/\/www.elciruelo.com\/wp-content\/uploads\/2023\/06\/Fruta-de-Verano-1.jpg","articleSection":["Sa\u00fade e nutri\u00e7\u00e3o"],"inLanguage":"pt-BR"},{"@type":"WebPage","@id":"https:\/\/www.elciruelo.com\/pt-br\/frutas-de-verao\/","url":"https:\/\/www.elciruelo.com\/pt-br\/frutas-de-verao\/","name":"O que s\u00e3o frutas de ver\u00e3o e quais s\u00e3o seus benef\u00edcios?","isPartOf":{"@id":"https:\/\/www.elciruelo.com\/pt-br\/#website"},"primaryImageOfPage":{"@id":"https:\/\/www.elciruelo.com\/pt-br\/frutas-de-verao\/#primaryimage"},"image":{"@id":"https:\/\/www.elciruelo.com\/pt-br\/frutas-de-verao\/#primaryimage"},"thumbnailUrl":"https:\/\/www.elciruelo.com\/wp-content\/uploads\/2023\/06\/Fruta-de-Verano-1.jpg","datePublished":"2023-06-26T08:29:25+00:00","dateModified":"2023-06-26T08:32:49+00:00","breadcrumb":{"@id":"https:\/\/www.elciruelo.com\/pt-br\/frutas-de-verao\/#breadcrumb"},"inLanguage":"pt-BR","potentialAction":[{"@type":"ReadAction","target":["https:\/\/www.elciruelo.com\/pt-br\/frutas-de-verao\/"]}]},{"@type":"ImageObject","inLanguage":"pt-BR","@id":"https:\/\/www.elciruelo.com\/pt-br\/frutas-de-verao\/#primaryimage","url":"https:\/\/www.elciruelo.com\/wp-content\/uploads\/2023\/06\/Fruta-de-Verano-1.jpg","contentUrl":"https:\/\/www.elciruelo.com\/wp-content\/uploads\/2023\/06\/Fruta-de-Verano-1.jpg","width":1080,"height":1080,"caption":"Frutas de Verano"},{"@type":"BreadcrumbList","@id":"https:\/\/www.elciruelo.com\/pt-br\/frutas-de-verao\/#breadcrumb","itemListElement":[{"@type":"ListItem","position":1,"name":"Home","item":"https:\/\/www.elciruelo.com\/pt-br\/"},{"@type":"ListItem","position":2,"name":"O que s\u00e3o frutas de ver\u00e3o e quais s\u00e3o seus benef\u00edcios?"}]},{"@type":"WebSite","@id":"https:\/\/www.elciruelo.com\/pt-br\/#website","url":"https:\/\/www.elciruelo.com\/pt-br\/","name":"El Ciruelo","description":"Productores de Uva de Mesa y Fruta de Hueso  ","publisher":{"@id":"https:\/\/www.elciruelo.com\/pt-br\/#organization"},"alternateName":"Ciruelo","potentialAction":[{"@type":"SearchAction","target":{"@type":"EntryPoint","urlTemplate":"https:\/\/www.elciruelo.com\/pt-br\/?s={search_term_string}"},"query-input":{"@type":"PropertyValueSpecification","valueRequired":true,"valueName":"search_term_string"}}],"inLanguage":"pt-BR"},{"@type":"Organization","@id":"https:\/\/www.elciruelo.com\/pt-br\/#organization","name":"El Ciruelo","alternateName":"Grupo El Ciruelo","url":"https:\/\/www.elciruelo.com\/pt-br\/","logo":{"@type":"ImageObject","inLanguage":"pt-BR","@id":"https:\/\/www.elciruelo.com\/pt-br\/#\/schema\/logo\/image\/","url":"https:\/\/www.elciruelo.com\/wp-content\/uploads\/2021\/09\/el-ciruelo-logo.png","contentUrl":"https:\/\/www.elciruelo.com\/wp-content\/uploads\/2021\/09\/el-ciruelo-logo.png","width":636,"height":174,"caption":"El Ciruelo"},"image":{"@id":"https:\/\/www.elciruelo.com\/pt-br\/#\/schema\/logo\/image\/"},"sameAs":["https:\/\/es-es.facebook.com\/ElCirueloSL\/","https:\/\/www.instagram.com\/elciruelofruits\/","https:\/\/www.tiktok.com\/@elciruelofruits","https:\/\/es.linkedin.com\/company\/grupoelciruelo"]},{"@type":"Person","@id":"https:\/\/www.elciruelo.com\/pt-br\/#\/schema\/person\/e44508457304ebec8eaf7bb8b3daee1c","name":"Fuensanta","image":{"@type":"ImageObject","inLanguage":"pt-BR","@id":"https:\/\/secure.gravatar.com\/avatar\/c60baf35d66daf203a16c7ce158bb1ac4276ce791f9d2fc3489399869cdb5a3d?s=96&d=mm&r=g","url":"https:\/\/secure.gravatar.com\/avatar\/c60baf35d66daf203a16c7ce158bb1ac4276ce791f9d2fc3489399869cdb5a3d?s=96&d=mm&r=g","contentUrl":"https:\/\/secure.gravatar.com\/avatar\/c60baf35d66daf203a16c7ce158bb1ac4276ce791f9d2fc3489399869cdb5a3d?s=96&d=mm&r=g","caption":"Fuensanta"}}]}},"_links":{"self":[{"href":"https:\/\/www.elciruelo.com\/pt-br\/wp-json\/wp\/v2\/posts\/8509","targetHints":{"allow":["GET"]}}],"collection":[{"href":"https:\/\/www.elciruelo.com\/pt-br\/wp-json\/wp\/v2\/posts"}],"about":[{"href":"https:\/\/www.elciruelo.com\/pt-br\/wp-json\/wp\/v2\/types\/post"}],"author":[{"embeddable":true,"href":"https:\/\/www.elciruelo.com\/pt-br\/wp-json\/wp\/v2\/users\/8"}],"replies":[{"embeddable":true,"href":"https:\/\/www.elciruelo.com\/pt-br\/wp-json\/wp\/v2\/comments?post=8509"}],"version-history":[{"count":1,"href":"https:\/\/www.elciruelo.com\/pt-br\/wp-json\/wp\/v2\/posts\/8509\/revisions"}],"predecessor-version":[{"id":8510,"href":"https:\/\/www.elciruelo.com\/pt-br\/wp-json\/wp\/v2\/posts\/8509\/revisions\/8510"}],"wp:featuredmedia":[{"embeddable":true,"href":"https:\/\/www.elciruelo.com\/pt-br\/wp-json\/wp\/v2\/media\/8516"}],"wp:attachment":[{"href":"https:\/\/www.elciruelo.com\/pt-br\/wp-json\/wp\/v2\/media?parent=8509"}],"wp:term":[{"taxonomy":"category","embeddable":true,"href":"https:\/\/www.elciruelo.com\/pt-br\/wp-json\/wp\/v2\/categories?post=8509"},{"taxonomy":"post_tag","embeddable":true,"href":"https:\/\/www.elciruelo.com\/pt-br\/wp-json\/wp\/v2\/tags?post=8509"}],"curies":[{"name":"wp","href":"https:\/\/api.w.org\/{rel}","templated":true}]}}