{"id":8886,"date":"2023-09-05T21:31:29","date_gmt":"2023-09-05T19:31:29","guid":{"rendered":"https:\/\/www.elciruelo.com\/?p=8886"},"modified":"2023-09-05T21:31:29","modified_gmt":"2023-09-05T19:31:29","slug":"mindful-eating-o-que-e-e-como-coloca-la-em-pratica","status":"publish","type":"post","link":"https:\/\/www.elciruelo.com\/pt-br\/mindful-eating-o-que-e-e-como-coloca-la-em-pratica\/","title":{"rendered":"Mindful Eating: O que \u00e9 e como coloc\u00e1-la em pr\u00e1tica"},"content":{"rendered":"<p><span style=\"font-weight: 400;\">A alimenta\u00e7\u00e3o consciente (Mindful Eating) \u00e9 baseada na aten\u00e7\u00e3o plena (mindfulness), um conceito budista relacionado a uma forma de medita\u00e7\u00e3o que o ajuda a reconhecer e lidar com suas emo\u00e7\u00f5es e sensa\u00e7\u00f5es f\u00edsicas; nesse caso, ela \u00e9 transportada para alcan\u00e7ar um estado de aten\u00e7\u00e3o plena \u00e0s experi\u00eancias e sinais f\u00edsicos ao comer. Em outras palavras, a alimenta\u00e7\u00e3o consciente o ajuda a comer de forma consciente, conhecendo seu corpo e suas necessidades a qualquer momento. O objetivo \u00e9 tornar seu relacionamento com a comida saud\u00e1vel e, portanto, sua vida tamb\u00e9m.<\/span><\/p>\n<p><b>Como introduzir o Mindful Eating em sua vida di\u00e1ria?<\/b><\/p>\n<p><span style=\"font-weight: 400;\">Aqui est\u00e3o algumas etapas a serem seguidas para come\u00e7ar a desenvolver uma dieta consciente e melhorar sua rela\u00e7\u00e3o com os alimentos, recomendadas por nossa especialista em nutri\u00e7\u00e3o e psicologia Maria Jos\u00e9 Pastor:<\/span><\/p>\n<ol>\n<li><b>Prepara\u00e7\u00e3o e escolha consciente dos alimentos<\/b><span style=\"font-weight: 400;\">: Antes de come\u00e7ar a comer, reserve um momento para pensar no que voc\u00ea vai comer. Escolha alimentos que sejam nutritivos e forne\u00e7am energia e satisfa\u00e7\u00e3o.<\/span><\/li>\n<li><b>Ambiente adequado<\/b><span style=\"font-weight: 400;\">: tente comer em um local silencioso e sem distra\u00e7\u00f5es, como televis\u00e3o ou telefone. Isso o ajudar\u00e1 a se concentrar na experi\u00eancia de comer.<\/span><\/li>\n<li><b>Conecte-se com seus sentidos<\/b><span style=\"font-weight: 400;\">: antes de colocar a comida na boca, observe as cores, as formas e os cheiros dos alimentos no prato. Depois, ao comer, preste aten\u00e7\u00e3o na textura, no sabor e na temperatura de cada mordida.<\/span><\/li>\n<li><b>Coma devagar<\/b><span style=\"font-weight: 400;\">: mastigue cada mordida lenta e conscientemente. Aproveite o processo de mastigar e engolir, em vez de se apressar para terminar a refei\u00e7\u00e3o.<\/span><\/li>\n<li><b>Observe as sensa\u00e7\u00f5es f\u00edsicas<\/b><span style=\"font-weight: 400;\">: enquanto come, preste aten\u00e7\u00e3o \u00e0s sensa\u00e7\u00f5es f\u00edsicas do seu corpo. Voc\u00ea se sente faminto ou cheio? Observe como essas sensa\u00e7\u00f5es mudam \u00e0 medida que voc\u00ea come.<\/span><\/li>\n<li><b>Ou\u00e7a seu corpo<\/b><span style=\"font-weight: 400;\">: aprenda a reconhecer os sinais de fome e saciedade. Coma quando estiver com fome e pare quando se sentir saciado, mesmo que n\u00e3o tenha terminado o prato.<\/span><\/li>\n<li><b>Elimine as distra\u00e7\u00f5es<\/b><span style=\"font-weight: 400;\">: Evite outras atividades enquanto estiver comendo, como trabalhar no computador ou assistir \u00e0 TV. Isso permitir\u00e1 que voc\u00ea se concentre totalmente na experi\u00eancia de comer.<\/span><\/li>\n<li><b>Pratique a gratid\u00e3o<\/b><span style=\"font-weight: 400;\">: reserve um momento para agradecer pela comida em seu prato e pela oportunidade de nutrir seu corpo.<\/span><\/li>\n<li><b>Aceite sem julgamento<\/b><span style=\"font-weight: 400;\">: N\u00e3o se julgue pelo que come. A alimenta\u00e7\u00e3o consciente envolve uma atitude compassiva e sem julgamentos em rela\u00e7\u00e3o a si mesmo.<\/span><\/li>\n<li><b>Pratique regularmente<\/b><span style=\"font-weight: 400;\">: A alimenta\u00e7\u00e3o consciente \u00e9 uma habilidade que se desenvolve com a pr\u00e1tica constante. Quanto mais voc\u00ea a praticar, mais natural ela se tornar\u00e1.<\/span><\/li>\n<\/ol>\n<p><span style=\"font-weight: 400;\">Lembre-se de que o Mindful Eating n\u00e3o \u00e9 uma t\u00e9cnica voltada para a perda de peso ou para o in\u00edcio de uma dieta, ele simplesmente busca o bem-estar geral por meio do desenvolvimento de um bom relacionamento com os alimentos e de pr\u00e1ticas alimentares mais saud\u00e1veis que levem \u00e0 diminui\u00e7\u00e3o dos desejos impulsivos e \u00e0 redu\u00e7\u00e3o da quantidade de alimentos ingeridos.<\/span><\/p>\n<p><span style=\"font-weight: 400;\">\u00c9 interessante combinar a pr\u00e1tica de Mindful Eating com Mindfulness, atividades complementares que nos ajudar\u00e3o a estabelecer uma conex\u00e3o com nosso corpo e o ambiente ao nosso redor.\u00a0<\/span><\/p>\n<p><span style=\"font-weight: 400;\">Voc\u00ea pode acompanhar nossa se\u00e7\u00e3o de vida saud\u00e1vel com conselhos de nossos especialistas em nutri\u00e7\u00e3o e psicologia em nossas redes sociais @elciruelofruits e @doceuvabr.<\/span><\/p>\n","protected":false},"excerpt":{"rendered":"<p>A alimenta\u00e7\u00e3o consciente (Mindful Eating) \u00e9 baseada na aten\u00e7\u00e3o plena (mindfulness), um conceito budista relacionado a uma forma de medita\u00e7\u00e3o que o ajuda a reconhecer e lidar com suas emo\u00e7\u00f5es e sensa\u00e7\u00f5es f\u00edsicas; nesse caso, ela \u00e9 transportada para alcan\u00e7ar um estado de aten\u00e7\u00e3o plena \u00e0s experi\u00eancias e sinais f\u00edsicos ao comer. Em outras palavras, [&hellip;]<\/p>\n","protected":false},"author":8,"featured_media":8882,"comment_status":"closed","ping_status":"closed","sticky":false,"template":"","format":"standard","meta":{"_acf_changed":false,"footnotes":""},"categories":[36],"tags":[],"class_list":["post-8886","post","type-post","status-publish","format-standard","has-post-thumbnail","hentry","category-saude-e-nutricao"],"acf":[],"yoast_head":"<!-- This site is optimized with the Yoast SEO plugin v27.4 - https:\/\/yoast.com\/product\/yoast-seo-wordpress\/ -->\n<title>Mindful Eating: O que \u00e9 e como coloc\u00e1-la em pr\u00e1tica - El Ciruelo<\/title>\n<meta name=\"robots\" content=\"index, follow, max-snippet:-1, max-image-preview:large, max-video-preview:-1\" \/>\n<link rel=\"canonical\" href=\"https:\/\/www.elciruelo.com\/pt-br\/mindful-eating-o-que-e-e-como-coloca-la-em-pratica\/\" \/>\n<meta property=\"og:locale\" content=\"pt_BR\" \/>\n<meta property=\"og:type\" content=\"article\" \/>\n<meta property=\"og:title\" content=\"Mindful Eating: O que \u00e9 e como coloc\u00e1-la em pr\u00e1tica - El Ciruelo\" \/>\n<meta property=\"og:description\" content=\"A alimenta\u00e7\u00e3o consciente (Mindful Eating) \u00e9 baseada na aten\u00e7\u00e3o plena (mindfulness), um conceito budista relacionado a uma forma de medita\u00e7\u00e3o que o ajuda a reconhecer e lidar com suas emo\u00e7\u00f5es e sensa\u00e7\u00f5es f\u00edsicas; nesse caso, ela \u00e9 transportada para alcan\u00e7ar um estado de aten\u00e7\u00e3o plena \u00e0s experi\u00eancias e sinais f\u00edsicos ao comer. Em outras palavras, [&hellip;]\" \/>\n<meta property=\"og:url\" content=\"https:\/\/www.elciruelo.com\/pt-br\/mindful-eating-o-que-e-e-como-coloca-la-em-pratica\/\" \/>\n<meta property=\"og:site_name\" content=\"El Ciruelo\" \/>\n<meta property=\"article:publisher\" content=\"https:\/\/es-es.facebook.com\/ElCirueloSL\/\" \/>\n<meta property=\"article:published_time\" content=\"2023-09-05T19:31:29+00:00\" \/>\n<meta property=\"og:image\" content=\"https:\/\/www.elciruelo.com\/wp-content\/uploads\/2023\/09\/portada-mindful-eating.jpg\" \/>\n\t<meta property=\"og:image:width\" content=\"1081\" \/>\n\t<meta property=\"og:image:height\" content=\"1081\" \/>\n\t<meta property=\"og:image:type\" content=\"image\/jpeg\" \/>\n<meta name=\"author\" content=\"Fuensanta\" \/>\n<meta name=\"twitter:card\" content=\"summary_large_image\" \/>\n<meta name=\"twitter:label1\" content=\"Escrito por\" \/>\n\t<meta name=\"twitter:data1\" content=\"Fuensanta\" \/>\n\t<meta name=\"twitter:label2\" content=\"Est. tempo de leitura\" \/>\n\t<meta name=\"twitter:data2\" content=\"3 minutos\" \/>\n<script type=\"application\/ld+json\" class=\"yoast-schema-graph\">{\"@context\":\"https:\\\/\\\/schema.org\",\"@graph\":[{\"@type\":\"Article\",\"@id\":\"https:\\\/\\\/www.elciruelo.com\\\/pt-br\\\/mindful-eating-o-que-e-e-como-coloca-la-em-pratica\\\/#article\",\"isPartOf\":{\"@id\":\"https:\\\/\\\/www.elciruelo.com\\\/pt-br\\\/mindful-eating-o-que-e-e-como-coloca-la-em-pratica\\\/\"},\"author\":{\"name\":\"Fuensanta\",\"@id\":\"https:\\\/\\\/www.elciruelo.com\\\/pt-br\\\/#\\\/schema\\\/person\\\/e44508457304ebec8eaf7bb8b3daee1c\"},\"headline\":\"Mindful Eating: O que \u00e9 e como coloc\u00e1-la em pr\u00e1tica\",\"datePublished\":\"2023-09-05T19:31:29+00:00\",\"mainEntityOfPage\":{\"@id\":\"https:\\\/\\\/www.elciruelo.com\\\/pt-br\\\/mindful-eating-o-que-e-e-como-coloca-la-em-pratica\\\/\"},\"wordCount\":575,\"publisher\":{\"@id\":\"https:\\\/\\\/www.elciruelo.com\\\/pt-br\\\/#organization\"},\"image\":{\"@id\":\"https:\\\/\\\/www.elciruelo.com\\\/pt-br\\\/mindful-eating-o-que-e-e-como-coloca-la-em-pratica\\\/#primaryimage\"},\"thumbnailUrl\":\"https:\\\/\\\/www.elciruelo.com\\\/wp-content\\\/uploads\\\/2023\\\/09\\\/portada-mindful-eating.jpg\",\"articleSection\":[\"Sa\u00fade e nutri\u00e7\u00e3o\"],\"inLanguage\":\"pt-BR\"},{\"@type\":\"WebPage\",\"@id\":\"https:\\\/\\\/www.elciruelo.com\\\/pt-br\\\/mindful-eating-o-que-e-e-como-coloca-la-em-pratica\\\/\",\"url\":\"https:\\\/\\\/www.elciruelo.com\\\/pt-br\\\/mindful-eating-o-que-e-e-como-coloca-la-em-pratica\\\/\",\"name\":\"Mindful Eating: O que \u00e9 e como coloc\u00e1-la em pr\u00e1tica - El Ciruelo\",\"isPartOf\":{\"@id\":\"https:\\\/\\\/www.elciruelo.com\\\/pt-br\\\/#website\"},\"primaryImageOfPage\":{\"@id\":\"https:\\\/\\\/www.elciruelo.com\\\/pt-br\\\/mindful-eating-o-que-e-e-como-coloca-la-em-pratica\\\/#primaryimage\"},\"image\":{\"@id\":\"https:\\\/\\\/www.elciruelo.com\\\/pt-br\\\/mindful-eating-o-que-e-e-como-coloca-la-em-pratica\\\/#primaryimage\"},\"thumbnailUrl\":\"https:\\\/\\\/www.elciruelo.com\\\/wp-content\\\/uploads\\\/2023\\\/09\\\/portada-mindful-eating.jpg\",\"datePublished\":\"2023-09-05T19:31:29+00:00\",\"breadcrumb\":{\"@id\":\"https:\\\/\\\/www.elciruelo.com\\\/pt-br\\\/mindful-eating-o-que-e-e-como-coloca-la-em-pratica\\\/#breadcrumb\"},\"inLanguage\":\"pt-BR\",\"potentialAction\":[{\"@type\":\"ReadAction\",\"target\":[\"https:\\\/\\\/www.elciruelo.com\\\/pt-br\\\/mindful-eating-o-que-e-e-como-coloca-la-em-pratica\\\/\"]}]},{\"@type\":\"ImageObject\",\"inLanguage\":\"pt-BR\",\"@id\":\"https:\\\/\\\/www.elciruelo.com\\\/pt-br\\\/mindful-eating-o-que-e-e-como-coloca-la-em-pratica\\\/#primaryimage\",\"url\":\"https:\\\/\\\/www.elciruelo.com\\\/wp-content\\\/uploads\\\/2023\\\/09\\\/portada-mindful-eating.jpg\",\"contentUrl\":\"https:\\\/\\\/www.elciruelo.com\\\/wp-content\\\/uploads\\\/2023\\\/09\\\/portada-mindful-eating.jpg\",\"width\":1081,\"height\":1081,\"caption\":\"mindful eating\"},{\"@type\":\"BreadcrumbList\",\"@id\":\"https:\\\/\\\/www.elciruelo.com\\\/pt-br\\\/mindful-eating-o-que-e-e-como-coloca-la-em-pratica\\\/#breadcrumb\",\"itemListElement\":[{\"@type\":\"ListItem\",\"position\":1,\"name\":\"Home\",\"item\":\"https:\\\/\\\/www.elciruelo.com\\\/pt-br\\\/\"},{\"@type\":\"ListItem\",\"position\":2,\"name\":\"Mindful Eating: O que \u00e9 e como coloc\u00e1-la em pr\u00e1tica\"}]},{\"@type\":\"WebSite\",\"@id\":\"https:\\\/\\\/www.elciruelo.com\\\/pt-br\\\/#website\",\"url\":\"https:\\\/\\\/www.elciruelo.com\\\/pt-br\\\/\",\"name\":\"El Ciruelo\",\"description\":\"Productores de Uva de Mesa y Fruta de Hueso  \",\"publisher\":{\"@id\":\"https:\\\/\\\/www.elciruelo.com\\\/pt-br\\\/#organization\"},\"alternateName\":\"Ciruelo\",\"potentialAction\":[{\"@type\":\"SearchAction\",\"target\":{\"@type\":\"EntryPoint\",\"urlTemplate\":\"https:\\\/\\\/www.elciruelo.com\\\/pt-br\\\/?s={search_term_string}\"},\"query-input\":{\"@type\":\"PropertyValueSpecification\",\"valueRequired\":true,\"valueName\":\"search_term_string\"}}],\"inLanguage\":\"pt-BR\"},{\"@type\":\"Organization\",\"@id\":\"https:\\\/\\\/www.elciruelo.com\\\/pt-br\\\/#organization\",\"name\":\"El Ciruelo\",\"alternateName\":\"Grupo El Ciruelo\",\"url\":\"https:\\\/\\\/www.elciruelo.com\\\/pt-br\\\/\",\"logo\":{\"@type\":\"ImageObject\",\"inLanguage\":\"pt-BR\",\"@id\":\"https:\\\/\\\/www.elciruelo.com\\\/pt-br\\\/#\\\/schema\\\/logo\\\/image\\\/\",\"url\":\"https:\\\/\\\/www.elciruelo.com\\\/wp-content\\\/uploads\\\/2021\\\/09\\\/el-ciruelo-logo.png\",\"contentUrl\":\"https:\\\/\\\/www.elciruelo.com\\\/wp-content\\\/uploads\\\/2021\\\/09\\\/el-ciruelo-logo.png\",\"width\":636,\"height\":174,\"caption\":\"El Ciruelo\"},\"image\":{\"@id\":\"https:\\\/\\\/www.elciruelo.com\\\/pt-br\\\/#\\\/schema\\\/logo\\\/image\\\/\"},\"sameAs\":[\"https:\\\/\\\/es-es.facebook.com\\\/ElCirueloSL\\\/\",\"https:\\\/\\\/www.instagram.com\\\/elciruelofruits\\\/\",\"https:\\\/\\\/www.tiktok.com\\\/@elciruelofruits\",\"https:\\\/\\\/es.linkedin.com\\\/company\\\/grupoelciruelo\"]},{\"@type\":\"Person\",\"@id\":\"https:\\\/\\\/www.elciruelo.com\\\/pt-br\\\/#\\\/schema\\\/person\\\/e44508457304ebec8eaf7bb8b3daee1c\",\"name\":\"Fuensanta\",\"image\":{\"@type\":\"ImageObject\",\"inLanguage\":\"pt-BR\",\"@id\":\"https:\\\/\\\/secure.gravatar.com\\\/avatar\\\/c60baf35d66daf203a16c7ce158bb1ac4276ce791f9d2fc3489399869cdb5a3d?s=96&d=mm&r=g\",\"url\":\"https:\\\/\\\/secure.gravatar.com\\\/avatar\\\/c60baf35d66daf203a16c7ce158bb1ac4276ce791f9d2fc3489399869cdb5a3d?s=96&d=mm&r=g\",\"contentUrl\":\"https:\\\/\\\/secure.gravatar.com\\\/avatar\\\/c60baf35d66daf203a16c7ce158bb1ac4276ce791f9d2fc3489399869cdb5a3d?s=96&d=mm&r=g\",\"caption\":\"Fuensanta\"}}]}<\/script>\n<!-- \/ Yoast SEO plugin. -->","yoast_head_json":{"title":"Mindful Eating: O que \u00e9 e como coloc\u00e1-la em pr\u00e1tica - El Ciruelo","robots":{"index":"index","follow":"follow","max-snippet":"max-snippet:-1","max-image-preview":"max-image-preview:large","max-video-preview":"max-video-preview:-1"},"canonical":"https:\/\/www.elciruelo.com\/pt-br\/mindful-eating-o-que-e-e-como-coloca-la-em-pratica\/","og_locale":"pt_BR","og_type":"article","og_title":"Mindful Eating: O que \u00e9 e como coloc\u00e1-la em pr\u00e1tica - El Ciruelo","og_description":"A alimenta\u00e7\u00e3o consciente (Mindful Eating) \u00e9 baseada na aten\u00e7\u00e3o plena (mindfulness), um conceito budista relacionado a uma forma de medita\u00e7\u00e3o que o ajuda a reconhecer e lidar com suas emo\u00e7\u00f5es e sensa\u00e7\u00f5es f\u00edsicas; nesse caso, ela \u00e9 transportada para alcan\u00e7ar um estado de aten\u00e7\u00e3o plena \u00e0s experi\u00eancias e sinais f\u00edsicos ao comer. Em outras palavras, [&hellip;]","og_url":"https:\/\/www.elciruelo.com\/pt-br\/mindful-eating-o-que-e-e-como-coloca-la-em-pratica\/","og_site_name":"El Ciruelo","article_publisher":"https:\/\/es-es.facebook.com\/ElCirueloSL\/","article_published_time":"2023-09-05T19:31:29+00:00","og_image":[{"width":1081,"height":1081,"url":"https:\/\/www.elciruelo.com\/wp-content\/uploads\/2023\/09\/portada-mindful-eating.jpg","type":"image\/jpeg"}],"author":"Fuensanta","twitter_card":"summary_large_image","twitter_misc":{"Escrito por":"Fuensanta","Est. tempo de leitura":"3 minutos"},"schema":{"@context":"https:\/\/schema.org","@graph":[{"@type":"Article","@id":"https:\/\/www.elciruelo.com\/pt-br\/mindful-eating-o-que-e-e-como-coloca-la-em-pratica\/#article","isPartOf":{"@id":"https:\/\/www.elciruelo.com\/pt-br\/mindful-eating-o-que-e-e-como-coloca-la-em-pratica\/"},"author":{"name":"Fuensanta","@id":"https:\/\/www.elciruelo.com\/pt-br\/#\/schema\/person\/e44508457304ebec8eaf7bb8b3daee1c"},"headline":"Mindful Eating: O que \u00e9 e como coloc\u00e1-la em pr\u00e1tica","datePublished":"2023-09-05T19:31:29+00:00","mainEntityOfPage":{"@id":"https:\/\/www.elciruelo.com\/pt-br\/mindful-eating-o-que-e-e-como-coloca-la-em-pratica\/"},"wordCount":575,"publisher":{"@id":"https:\/\/www.elciruelo.com\/pt-br\/#organization"},"image":{"@id":"https:\/\/www.elciruelo.com\/pt-br\/mindful-eating-o-que-e-e-como-coloca-la-em-pratica\/#primaryimage"},"thumbnailUrl":"https:\/\/www.elciruelo.com\/wp-content\/uploads\/2023\/09\/portada-mindful-eating.jpg","articleSection":["Sa\u00fade e nutri\u00e7\u00e3o"],"inLanguage":"pt-BR"},{"@type":"WebPage","@id":"https:\/\/www.elciruelo.com\/pt-br\/mindful-eating-o-que-e-e-como-coloca-la-em-pratica\/","url":"https:\/\/www.elciruelo.com\/pt-br\/mindful-eating-o-que-e-e-como-coloca-la-em-pratica\/","name":"Mindful Eating: O que \u00e9 e como coloc\u00e1-la em pr\u00e1tica - El Ciruelo","isPartOf":{"@id":"https:\/\/www.elciruelo.com\/pt-br\/#website"},"primaryImageOfPage":{"@id":"https:\/\/www.elciruelo.com\/pt-br\/mindful-eating-o-que-e-e-como-coloca-la-em-pratica\/#primaryimage"},"image":{"@id":"https:\/\/www.elciruelo.com\/pt-br\/mindful-eating-o-que-e-e-como-coloca-la-em-pratica\/#primaryimage"},"thumbnailUrl":"https:\/\/www.elciruelo.com\/wp-content\/uploads\/2023\/09\/portada-mindful-eating.jpg","datePublished":"2023-09-05T19:31:29+00:00","breadcrumb":{"@id":"https:\/\/www.elciruelo.com\/pt-br\/mindful-eating-o-que-e-e-como-coloca-la-em-pratica\/#breadcrumb"},"inLanguage":"pt-BR","potentialAction":[{"@type":"ReadAction","target":["https:\/\/www.elciruelo.com\/pt-br\/mindful-eating-o-que-e-e-como-coloca-la-em-pratica\/"]}]},{"@type":"ImageObject","inLanguage":"pt-BR","@id":"https:\/\/www.elciruelo.com\/pt-br\/mindful-eating-o-que-e-e-como-coloca-la-em-pratica\/#primaryimage","url":"https:\/\/www.elciruelo.com\/wp-content\/uploads\/2023\/09\/portada-mindful-eating.jpg","contentUrl":"https:\/\/www.elciruelo.com\/wp-content\/uploads\/2023\/09\/portada-mindful-eating.jpg","width":1081,"height":1081,"caption":"mindful eating"},{"@type":"BreadcrumbList","@id":"https:\/\/www.elciruelo.com\/pt-br\/mindful-eating-o-que-e-e-como-coloca-la-em-pratica\/#breadcrumb","itemListElement":[{"@type":"ListItem","position":1,"name":"Home","item":"https:\/\/www.elciruelo.com\/pt-br\/"},{"@type":"ListItem","position":2,"name":"Mindful Eating: O que \u00e9 e como coloc\u00e1-la em pr\u00e1tica"}]},{"@type":"WebSite","@id":"https:\/\/www.elciruelo.com\/pt-br\/#website","url":"https:\/\/www.elciruelo.com\/pt-br\/","name":"El Ciruelo","description":"Productores de Uva de Mesa y Fruta de Hueso  ","publisher":{"@id":"https:\/\/www.elciruelo.com\/pt-br\/#organization"},"alternateName":"Ciruelo","potentialAction":[{"@type":"SearchAction","target":{"@type":"EntryPoint","urlTemplate":"https:\/\/www.elciruelo.com\/pt-br\/?s={search_term_string}"},"query-input":{"@type":"PropertyValueSpecification","valueRequired":true,"valueName":"search_term_string"}}],"inLanguage":"pt-BR"},{"@type":"Organization","@id":"https:\/\/www.elciruelo.com\/pt-br\/#organization","name":"El Ciruelo","alternateName":"Grupo El Ciruelo","url":"https:\/\/www.elciruelo.com\/pt-br\/","logo":{"@type":"ImageObject","inLanguage":"pt-BR","@id":"https:\/\/www.elciruelo.com\/pt-br\/#\/schema\/logo\/image\/","url":"https:\/\/www.elciruelo.com\/wp-content\/uploads\/2021\/09\/el-ciruelo-logo.png","contentUrl":"https:\/\/www.elciruelo.com\/wp-content\/uploads\/2021\/09\/el-ciruelo-logo.png","width":636,"height":174,"caption":"El Ciruelo"},"image":{"@id":"https:\/\/www.elciruelo.com\/pt-br\/#\/schema\/logo\/image\/"},"sameAs":["https:\/\/es-es.facebook.com\/ElCirueloSL\/","https:\/\/www.instagram.com\/elciruelofruits\/","https:\/\/www.tiktok.com\/@elciruelofruits","https:\/\/es.linkedin.com\/company\/grupoelciruelo"]},{"@type":"Person","@id":"https:\/\/www.elciruelo.com\/pt-br\/#\/schema\/person\/e44508457304ebec8eaf7bb8b3daee1c","name":"Fuensanta","image":{"@type":"ImageObject","inLanguage":"pt-BR","@id":"https:\/\/secure.gravatar.com\/avatar\/c60baf35d66daf203a16c7ce158bb1ac4276ce791f9d2fc3489399869cdb5a3d?s=96&d=mm&r=g","url":"https:\/\/secure.gravatar.com\/avatar\/c60baf35d66daf203a16c7ce158bb1ac4276ce791f9d2fc3489399869cdb5a3d?s=96&d=mm&r=g","contentUrl":"https:\/\/secure.gravatar.com\/avatar\/c60baf35d66daf203a16c7ce158bb1ac4276ce791f9d2fc3489399869cdb5a3d?s=96&d=mm&r=g","caption":"Fuensanta"}}]}},"_links":{"self":[{"href":"https:\/\/www.elciruelo.com\/pt-br\/wp-json\/wp\/v2\/posts\/8886","targetHints":{"allow":["GET"]}}],"collection":[{"href":"https:\/\/www.elciruelo.com\/pt-br\/wp-json\/wp\/v2\/posts"}],"about":[{"href":"https:\/\/www.elciruelo.com\/pt-br\/wp-json\/wp\/v2\/types\/post"}],"author":[{"embeddable":true,"href":"https:\/\/www.elciruelo.com\/pt-br\/wp-json\/wp\/v2\/users\/8"}],"replies":[{"embeddable":true,"href":"https:\/\/www.elciruelo.com\/pt-br\/wp-json\/wp\/v2\/comments?post=8886"}],"version-history":[{"count":1,"href":"https:\/\/www.elciruelo.com\/pt-br\/wp-json\/wp\/v2\/posts\/8886\/revisions"}],"predecessor-version":[{"id":8887,"href":"https:\/\/www.elciruelo.com\/pt-br\/wp-json\/wp\/v2\/posts\/8886\/revisions\/8887"}],"wp:featuredmedia":[{"embeddable":true,"href":"https:\/\/www.elciruelo.com\/pt-br\/wp-json\/wp\/v2\/media\/8882"}],"wp:attachment":[{"href":"https:\/\/www.elciruelo.com\/pt-br\/wp-json\/wp\/v2\/media?parent=8886"}],"wp:term":[{"taxonomy":"category","embeddable":true,"href":"https:\/\/www.elciruelo.com\/pt-br\/wp-json\/wp\/v2\/categories?post=8886"},{"taxonomy":"post_tag","embeddable":true,"href":"https:\/\/www.elciruelo.com\/pt-br\/wp-json\/wp\/v2\/tags?post=8886"}],"curies":[{"name":"wp","href":"https:\/\/api.w.org\/{rel}","templated":true}]}}